{"id":75347,"date":"2026-03-14T00:15:59","date_gmt":"2026-03-14T06:15:59","guid":{"rendered":"https:\/\/noticiasveracruz.com\/?p=75347"},"modified":"2026-03-13T20:22:37","modified_gmt":"2026-03-14T02:22:37","slug":"destaca-alcalde-de-tijuana-colaboracion-con-estado-y-federacion-para-reducir-homicidios","status":"publish","type":"post","link":"https:\/\/noticiasveracruz.com\/index.php\/2026\/03\/14\/destaca-alcalde-de-tijuana-colaboracion-con-estado-y-federacion-para-reducir-homicidios\/","title":{"rendered":"Destaca alcalde de Tijuana colaboraci\u00f3n con estado y federaci\u00f3n para reducir homicidios"},"content":{"rendered":"<p class=\"nota-justify\">El alcalde de Tijuana, Baja California, Ismael Burgue\u00f1o Ruiz, destac\u00f3 que la coordinaci\u00f3n con el gobierno federal y estatal ha sido fundamental para lograr los avances registrados en la disminuci\u00f3n de homicidios.<\/p>\n<p class=\"nota-justify\">Destac\u00f3 la coordinaci\u00f3n entre la federaci\u00f3n, el estado y las fuerzas de seguridad como la Marina, el Ej\u00e9rcito y la Guardia Nacional.<\/p>\n<div id=\"article-content-tts\" class=\"nota-contenido mb-5\">\n<div id=\"content_nitf\">\n<p class=\"nota-justify\">En ese tenor, reconoci\u00f3 la estrategia nacional de seguridad impulsada por la presidenta Claudia Sheinbaum Pardo, durante su participaci\u00f3n en el Encuentro de Coordinaci\u00f3n con Presidentas y Presidentes Municipales de Territorios de Paz, realizado hace unos d\u00edas en Palacio Nacional.<\/p>\n<p class=\"nota-justify\">El enfoque de esta pol\u00edtica p\u00fablica busca no solo combatir la delincuencia, sino tambi\u00e9n atender las causas que generan la violencia, mediante la creaci\u00f3n de oportunidades para las juventudes y el mejoramiento del entorno urbano\u201d, subray\u00f3 Burgue\u00f1o Ruiz.<\/p>\n<p class=\"nota-justify\">Dicha reuni\u00f3n se llev\u00f3 a cabo con el objetivo de reforzar la colaboraci\u00f3n entre los distintos \u00f3rdenes de gobierno, para avanzar en la implementaci\u00f3n de la estrategia nacional orientada a disminuir la violencia y fortalecer la percepci\u00f3n de seguridad entre la poblaci\u00f3n.<\/p>\n<p class=\"nota-justify\">En el encuentro participaron representantes del gobierno federal y autoridades municipales de 61 demarcaciones consideradas prioritarias en materia de seguridad.<\/p>\n<p class=\"nota-justify\">Durante la reuni\u00f3n, la federaci\u00f3n expuso una ruta de trabajo que plantea acciones integrales para promover la pacificaci\u00f3n de los territorios. Este plan contempla operativos de seguridad acompa\u00f1ados de programas sociales, proyectos de infraestructura comunitaria, as\u00ed como iniciativas en educaci\u00f3n, cultura y deporte.Ismael Burgue\u00f1o Ruiz se\u00f1al\u00f3 que para Tijuana \u2014considerada una ciudad estrat\u00e9gica dentro de esta pol\u00edtica nacional\u2014, la coordinaci\u00f3n con el gobierno federal y estatal ha sido fundamental para avanzar en resultados en materia de seguridad.<\/p>\n<p class=\"nota-justify\">Expuso que la estrategia contempla fortalecer actividades deportivas, culturales y educativas, adem\u00e1s de impulsar obras de infraestructura como senderos seguros, las cuales contribuyen a mejorar el entorno y la percepci\u00f3n ciudadana.<\/p>\n<p class=\"nota-justify\">El alcalde tambi\u00e9n calific\u00f3 como relevante el di\u00e1logo directo entre el gobierno federal y los municipios, al considerar que esta comunicaci\u00f3n constante facilita la construcci\u00f3n de acuerdos y acciones conjuntas para fortalecer la seguridad en ciudades prioritarias.<\/p>\n<p class=\"nota-justify\">En ese contexto, reconoci\u00f3 la disposici\u00f3n de la presidenta de la Rep\u00fablica para escuchar a las y los alcaldes y conocer de primera mano las necesidades particulares de cada municipio.<\/p>\n<\/div>\n<\/div>\n<div class=\"notas-relacionadas\"><\/div>\n<div class=\"nota-tags\"><\/div>\n","protected":false},"excerpt":{"rendered":"<p>El alcalde de Tijuana, Baja California, Ismael Burgue\u00f1o Ruiz, destac\u00f3 que la coordinaci\u00f3n con el gobierno federal y estatal ha<\/p>\n","protected":false},"author":4,"featured_media":75348,"comment_status":"closed","ping_status":"closed","sticky":false,"template":"","format":"standard","meta":{"colormag_page_container_layout":"default_layout","colormag_page_sidebar_layout":"default_layout","_jetpack_memberships_contains_paid_content":false,"footnotes":"","jetpack_publicize_message":"","jetpack_publicize_feature_enabled":true,"jetpack_social_post_already_shared":true,"jetpack_social_options":{"image_generator_settings":{"template":"highway","default_image_id":0,"font":"","enabled":false},"version":2}},"categories":[145],"tags":[],"class_list":["post-75347","post","type-post","status-publish","format-standard","has-post-thumbnail","hentry","category-estados"],"jetpack_publicize_connections":[],"jetpack_featured_media_url":"https:\/\/noticiasveracruz.com\/wp-content\/uploads\/2026\/03\/PEPAR.jpg","jetpack_sharing_enabled":true,"publishpress_future_action":{"enabled":false,"date":"2026-05-08 00:36:23","action":"change-status","newStatus":"draft","terms":[],"taxonomy":"category","extraData":[]},"publishpress_future_workflow_manual_trigger":{"enabledWorkflows":[]},"_links":{"self":[{"href":"https:\/\/noticiasveracruz.com\/index.php\/wp-json\/wp\/v2\/posts\/75347","targetHints":{"allow":["GET"]}}],"collection":[{"href":"https:\/\/noticiasveracruz.com\/index.php\/wp-json\/wp\/v2\/posts"}],"about":[{"href":"https:\/\/noticiasveracruz.com\/index.php\/wp-json\/wp\/v2\/types\/post"}],"author":[{"embeddable":true,"href":"https:\/\/noticiasveracruz.com\/index.php\/wp-json\/wp\/v2\/users\/4"}],"replies":[{"embeddable":true,"href":"https:\/\/noticiasveracruz.com\/index.php\/wp-json\/wp\/v2\/comments?post=75347"}],"version-history":[{"count":0,"href":"https:\/\/noticiasveracruz.com\/index.php\/wp-json\/wp\/v2\/posts\/75347\/revisions"}],"wp:featuredmedia":[{"embeddable":true,"href":"https:\/\/noticiasveracruz.com\/index.php\/wp-json\/wp\/v2\/media\/75348"}],"wp:attachment":[{"href":"https:\/\/noticiasveracruz.com\/index.php\/wp-json\/wp\/v2\/media?parent=75347"}],"wp:term":[{"taxonomy":"category","embeddable":true,"href":"https:\/\/noticiasveracruz.com\/index.php\/wp-json\/wp\/v2\/categories?post=75347"},{"taxonomy":"post_tag","embeddable":true,"href":"https:\/\/noticiasveracruz.com\/index.php\/wp-json\/wp\/v2\/tags?post=75347"}],"curies":[{"name":"wp","href":"https:\/\/api.w.org\/{rel}","templated":true}]}}