{"id":7534,"date":"2022-08-31T06:04:16","date_gmt":"2022-08-31T11:04:16","guid":{"rendered":"https:\/\/noticiasveracruz.com\/?p=7534"},"modified":"2022-08-31T06:04:16","modified_gmt":"2022-08-31T11:04:16","slug":"confrontacion-y-la-esperada-division","status":"publish","type":"post","link":"https:\/\/noticiasveracruz.com\/index.php\/2022\/08\/31\/confrontacion-y-la-esperada-division\/","title":{"rendered":"Confrontaci\u00f3n y la esperada divisi\u00f3n"},"content":{"rendered":"<p class=\"p1\">\n<p class=\"p1\">\n<p class=\"p1\"><strong><span style=\"font-size: 18pt;\">Por M\u00f3nica Camarena Crespo<\/span><\/strong><\/p>\n<p class=\"p1\"><span style=\"font-size: 14pt;\">La soberbia y la ambici\u00f3n pol\u00edtica desmedida se apoder\u00f3 de los morenistas, la prueba fehaciente es la plenaria de senadores de ese partido en donde lo que se exhibi\u00f3 p\u00fablicamente fue la divisi\u00f3n entre los grupos que se disputan ni m\u00e1s ni menos, que la candidatura a la presidencia con sus respectivos gallos.<\/span><\/p>\n<p class=\"p1\"><span style=\"font-size: 14pt;\">Los ausentes m\u00e1s notables por su influencia directa con el presidente Andr\u00e9s Manuel L\u00f3pez Obrador, fueron el secretario de Gobernaci\u00f3n, Ad\u00e1n Augusto L\u00f3pez, Luis Cresencio,\u00a0secretario de la Defensa Nacional,\u00a0Rosa Icela Rodr\u00edguez, secretaria de Seguridad P\u00fablica y el propio l\u00edder nacional de Morena, Mario Delgado, quien al parecer no se quiso tomar una foto cerca del senador todav\u00eda morenista, Ricardo Monreal.<\/span><\/p>\n<p class=\"p1\"><span style=\"font-size: 14pt;\">Incluso el\u00a0senador Jos\u00e9 Antonio \u00c1lvarez Lima, durante la plenaria, \u00a0cuestion\u00f3 que Ad\u00e1n Augusto L\u00f3pez Hern\u00e1ndez no estuviera presente y dijo que ojal\u00e1 ello no signifique alejamiento del gobierno del presidente Andr\u00e9s Manuel L\u00f3pez Obrador con el grupo de Morena.<\/span><\/p>\n<p class=\"p1\"><span style=\"font-size: 14pt;\">La disputa por la presidencia de la Mesa Directiva de la C\u00e1mara de Senadores, se agudiz\u00f3 conforme avanz\u00f3 la fecha l\u00edmite para designar a un morenista al frente; la importancia de esa posici\u00f3n rumbo al 2024 sac\u00f3 el cobre de los grupos que buscan imponer a sus afines, la \u201crapi\u00f1a\u201d.<\/span><\/p>\n<p class=\"p1\"><span style=\"font-size: 14pt;\">Qui\u00e9n quede al frente de esta posici\u00f3n que tiene un per\u00edodo de un a\u00f1o, tendr\u00e1 la oportunidad de allanar el camino a la candidatura presidencial que se definir\u00e1 en el 2023.<\/span><\/p>\n<p class=\"p1\"><span style=\"font-size: 14pt;\">Por ello, el nombre de qui\u00e9n ocupe esta posici\u00f3n ser\u00e1 fundamental para ver c\u00f3mo andan los bonos y las apuestas desde Palacio Nacional.<\/span><\/p>\n<p class=\"p1\"><span style=\"font-size: 14pt;\">El problema es que, despu\u00e9s de que se defina la presidencia del senado, la l\u00f3gica apunta a que se recrudezca la pugna entre grupos, los golpes bajos y la lucha intestina por posiciones, incluyendo varias gubernaturas.<\/span><\/p>\n<p class=\"p1\"><span style=\"font-size: 14pt;\">La divisi\u00f3n no hace la fuerza y en la medida que los morenistas sigan en el desgaste de las peleas internas, cualquiera que resulte candidata o candidato a la presidencia lo resentir\u00e1 sin duda, pero as\u00ed pasa cuando les llega tan r\u00e1pido ese poder que marea a los m\u00e1s, m\u00e1s.<\/span><\/p>\n<p>&nbsp;<\/p>\n<p class=\"p1\"><span style=\"color: #e42d33; font-size: 18pt;\"><strong>\u00c1GORA<\/strong><\/span><\/p>\n<p class=\"p1\"><span style=\"font-size: 14pt;\">La llegada de Santiago Creel a la presidencia de la C\u00e1mara de Diputados ya puso a temblar a m\u00e1s de uno; el abuso de esa posici\u00f3n con fines pol\u00edticos fue m\u00e1s que obvio, ojal\u00e1 los gastos est\u00e9n bien justificados.<\/span><\/p>\n<p>&nbsp;<\/p>\n<p>&nbsp;<\/p>\n<p class=\"p1\"><span style=\"font-size: 18pt;\"><strong>Correo: <a href=\"mailto:parquejuarezweb@yahoo.com.mx\">parquejuarezweb@yahoo.com.mx<\/a><\/strong><\/span><\/p>\n<p class=\"p1\"><span style=\"font-size: 18pt;\"><strong>Twitter: <a href=\"http:\/\/www.twitter.com\/monicamarena\">@monicamarena<\/a><\/strong><\/span><\/p>\n<p>&nbsp;<\/p>\n<p><span style=\"font-size: 18pt; color: #e42d33;\"><em><strong>**Las columnas firmadas en este medio son responsabilidad de quienes las firman**<\/strong><\/em><\/span><\/p>\n<p>&nbsp;<\/p>\n<p>&nbsp;<\/p>\n<p>&nbsp;<\/p>\n<p>&nbsp;<\/p>\n","protected":false},"excerpt":{"rendered":"<p>Por M\u00f3nica Camarena Crespo La soberbia y la ambici\u00f3n pol\u00edtica desmedida se apoder\u00f3 de los morenistas, la prueba fehaciente es<\/p>\n","protected":false},"author":4,"featured_media":3554,"comment_status":"closed","ping_status":"closed","sticky":false,"template":"","format":"standard","meta":{"colormag_page_container_layout":"default_layout","colormag_page_sidebar_layout":"default_layout","_jetpack_memberships_contains_paid_content":false,"footnotes":"","jetpack_publicize_message":"","jetpack_publicize_feature_enabled":true,"jetpack_social_post_already_shared":false,"jetpack_social_options":{"image_generator_settings":{"template":"highway","default_image_id":0,"font":"","enabled":false},"version":2}},"categories":[6],"tags":[],"class_list":["post-7534","post","type-post","status-publish","format-standard","has-post-thumbnail","hentry","category-columnistas"],"jetpack_publicize_connections":[],"jetpack_featured_media_url":"https:\/\/noticiasveracruz.com\/wp-content\/uploads\/2022\/04\/MO\u0301NICA-CAMARENA-CRESPO-1.png","jetpack_sharing_enabled":true,"publishpress_future_action":{"enabled":false,"date":"2026-05-07 01:44:07","action":"change-status","newStatus":"draft","terms":[],"taxonomy":"category","extraData":[]},"publishpress_future_workflow_manual_trigger":{"enabledWorkflows":[]},"_links":{"self":[{"href":"https:\/\/noticiasveracruz.com\/index.php\/wp-json\/wp\/v2\/posts\/7534","targetHints":{"allow":["GET"]}}],"collection":[{"href":"https:\/\/noticiasveracruz.com\/index.php\/wp-json\/wp\/v2\/posts"}],"about":[{"href":"https:\/\/noticiasveracruz.com\/index.php\/wp-json\/wp\/v2\/types\/post"}],"author":[{"embeddable":true,"href":"https:\/\/noticiasveracruz.com\/index.php\/wp-json\/wp\/v2\/users\/4"}],"replies":[{"embeddable":true,"href":"https:\/\/noticiasveracruz.com\/index.php\/wp-json\/wp\/v2\/comments?post=7534"}],"version-history":[{"count":0,"href":"https:\/\/noticiasveracruz.com\/index.php\/wp-json\/wp\/v2\/posts\/7534\/revisions"}],"wp:featuredmedia":[{"embeddable":true,"href":"https:\/\/noticiasveracruz.com\/index.php\/wp-json\/wp\/v2\/media\/3554"}],"wp:attachment":[{"href":"https:\/\/noticiasveracruz.com\/index.php\/wp-json\/wp\/v2\/media?parent=7534"}],"wp:term":[{"taxonomy":"category","embeddable":true,"href":"https:\/\/noticiasveracruz.com\/index.php\/wp-json\/wp\/v2\/categories?post=7534"},{"taxonomy":"post_tag","embeddable":true,"href":"https:\/\/noticiasveracruz.com\/index.php\/wp-json\/wp\/v2\/tags?post=7534"}],"curies":[{"name":"wp","href":"https:\/\/api.w.org\/{rel}","templated":true}]}}