{"id":75317,"date":"2026-03-14T00:05:33","date_gmt":"2026-03-14T06:05:33","guid":{"rendered":"https:\/\/noticiasveracruz.com\/?p=75317"},"modified":"2026-03-13T19:58:22","modified_gmt":"2026-03-14T01:58:22","slug":"envia-sheinbaum-al-senado-nombramiento-de-embajador-ante-la-omc","status":"publish","type":"post","link":"https:\/\/noticiasveracruz.com\/index.php\/2026\/03\/14\/envia-sheinbaum-al-senado-nombramiento-de-embajador-ante-la-omc\/","title":{"rendered":"Env\u00eda Sheinbaum al Senado nombramiento de embajador ante la OMC"},"content":{"rendered":"<p class=\"nota-justify\">La presidenta Claudia Sheinbaum envi\u00f3 este viernes al Senado de la Rep\u00fablica, para su ratificaci\u00f3n, el nombramiento de V\u00edctor Manuel Aguilar P\u00e9rez como embajador de M\u00e9xico ante la Organizaci\u00f3n Mundial del Comercio (OMC).<\/p>\n<p class=\"nota-justify\">Actualmente se desempe\u00f1a como jefe de la Unidad de Pr\u00e1cticas Comerciales Internacionales de la Secretar\u00eda de Econom\u00eda y ha trabajado en la dependencia desde 2011. Tambi\u00e9n form\u00f3 parte de la Misi\u00f3n de M\u00e9xico ante la Uni\u00f3n Europea.<\/p>\n<p class=\"nota-justify\">La presidenta del Senado, Laura Itzel Castillo precis\u00f3 que el nombramiento diplom\u00e1tico de Aguilar P\u00e9rez se turnar\u00e1 a la Comisi\u00f3n de Relaciones Exteriores, de esa c\u00e1mara del Congreso, para su an\u00e1lisis y, en su caso, aprobaci\u00f3n, por lo que posiblemente ser\u00e1 ratificado por el pleno la pr\u00f3xima semana.<\/p>\n<p class=\"nota-justify\">La OMC, detall\u00f3, es la organizaci\u00f3n internacional encargada de las normas que rigen el comercio entre los pa\u00edses, para que este se realice de la manera m\u00e1s fluida, previsible y libre posible, y su sede est\u00e1 en Ginebra, Suiza.<\/p>\n","protected":false},"excerpt":{"rendered":"<p>La presidenta Claudia Sheinbaum envi\u00f3 este viernes al Senado de la Rep\u00fablica, para su ratificaci\u00f3n, el nombramiento de V\u00edctor Manuel<\/p>\n","protected":false},"author":4,"featured_media":75318,"comment_status":"closed","ping_status":"closed","sticky":false,"template":"","format":"standard","meta":{"colormag_page_container_layout":"default_layout","colormag_page_sidebar_layout":"default_layout","_jetpack_memberships_contains_paid_content":false,"footnotes":"","jetpack_publicize_message":"","jetpack_publicize_feature_enabled":true,"jetpack_social_post_already_shared":true,"jetpack_social_options":{"image_generator_settings":{"template":"highway","default_image_id":0,"font":"","enabled":false},"version":2}},"categories":[4],"tags":[],"class_list":["post-75317","post","type-post","status-publish","format-standard","has-post-thumbnail","hentry","category-nacional"],"jetpack_publicize_connections":[],"jetpack_featured_media_url":"https:\/\/noticiasveracruz.com\/wp-content\/uploads\/2026\/03\/SEND.jpg","jetpack_sharing_enabled":true,"publishpress_future_action":{"enabled":false,"date":"2026-05-07 19:01:43","action":"change-status","newStatus":"draft","terms":[],"taxonomy":"category","extraData":[]},"publishpress_future_workflow_manual_trigger":{"enabledWorkflows":[]},"_links":{"self":[{"href":"https:\/\/noticiasveracruz.com\/index.php\/wp-json\/wp\/v2\/posts\/75317","targetHints":{"allow":["GET"]}}],"collection":[{"href":"https:\/\/noticiasveracruz.com\/index.php\/wp-json\/wp\/v2\/posts"}],"about":[{"href":"https:\/\/noticiasveracruz.com\/index.php\/wp-json\/wp\/v2\/types\/post"}],"author":[{"embeddable":true,"href":"https:\/\/noticiasveracruz.com\/index.php\/wp-json\/wp\/v2\/users\/4"}],"replies":[{"embeddable":true,"href":"https:\/\/noticiasveracruz.com\/index.php\/wp-json\/wp\/v2\/comments?post=75317"}],"version-history":[{"count":0,"href":"https:\/\/noticiasveracruz.com\/index.php\/wp-json\/wp\/v2\/posts\/75317\/revisions"}],"wp:featuredmedia":[{"embeddable":true,"href":"https:\/\/noticiasveracruz.com\/index.php\/wp-json\/wp\/v2\/media\/75318"}],"wp:attachment":[{"href":"https:\/\/noticiasveracruz.com\/index.php\/wp-json\/wp\/v2\/media?parent=75317"}],"wp:term":[{"taxonomy":"category","embeddable":true,"href":"https:\/\/noticiasveracruz.com\/index.php\/wp-json\/wp\/v2\/categories?post=75317"},{"taxonomy":"post_tag","embeddable":true,"href":"https:\/\/noticiasveracruz.com\/index.php\/wp-json\/wp\/v2\/tags?post=75317"}],"curies":[{"name":"wp","href":"https:\/\/api.w.org\/{rel}","templated":true}]}}