{"id":75314,"date":"2026-03-14T00:04:13","date_gmt":"2026-03-14T06:04:13","guid":{"rendered":"https:\/\/noticiasveracruz.com\/?p=75314"},"modified":"2026-03-13T19:42:40","modified_gmt":"2026-03-14T01:42:40","slug":"pescadores-recibiran-hasta-12-mil-pesos-con-bienpesca-en-veracruz","status":"publish","type":"post","link":"https:\/\/noticiasveracruz.com\/index.php\/2026\/03\/14\/pescadores-recibiran-hasta-12-mil-pesos-con-bienpesca-en-veracruz\/","title":{"rendered":"Pescadores recibir\u00e1n hasta 12 mil pesos con Bienpesca en Veracruz"},"content":{"rendered":"<p>La gobernadora de Veracruz, Roc\u00edo Nahle Garc\u00eda, encabez\u00f3 la entrega de\u00a0<strong>mil 268 tarjetas del programa Bienpesca<\/strong>\u00a0a pescadoras, pescadores y acuicultores del municipio.<\/p>\n<p>A trav\u00e9s de este programa, los beneficiarios recibir\u00e1n\u00a0<strong>un apoyo federal de 8 mil pesos<\/strong>, recurso que podr\u00e1 cobrarse a partir del mes de abril.<\/p>\n<p>La mandataria inform\u00f3 que su administraci\u00f3n, mediante la Secretar\u00eda de Desarrollo Agropecuario, Rural y Pesca de Veracruz, otorgar\u00e1\u00a0<strong>un apoyo estatal adicional de 4 mil pesos a partir de mayo<\/strong>\u00a0para los\u00a0<strong>25 mil beneficiarios del programa en la entidad<\/strong>, lo que permitir\u00e1 que cada pescador reciba\u00a0<strong>hasta 12 mil pesos en total<\/strong>.<\/p>\n<h2 class=\"wp-block-heading\">Apoyo al sector pesquero<\/h2>\n<p>Durante el evento, Nahle Garc\u00eda destac\u00f3 que este respaldo busca fortalecer la econom\u00eda de las familias que dependen de la pesca.<\/p>\n<p>Por su parte, el delegado de Programas para el Bienestar en Veracruz, Juan Javier G\u00f3mez Cazar\u00edn, subray\u00f3 que el programa forma parte de la pol\u00edtica social del Gobierno de M\u00e9xico para\u00a0<strong>entregar apoyos directos y sin intermediarios a los sectores productivos<\/strong>.<\/p>\n<h2 class=\"wp-block-heading\">Anuncian obras de infraestructura<\/h2>\n<p>En el encuentro, la gobernadora tambi\u00e9n anunci\u00f3 al presidente municipal de Minatitl\u00e1n, Guillermo Reyes Espronceda, diversas obras para la regi\u00f3n.<\/p>\n<p>Entre ellas, la\u00a0<strong>rehabilitaci\u00f3n con concreto hidr\u00e1ulico de aproximadamente un kil\u00f3metro en la entrada a la zona conocida como La Pepsi<\/strong>, as\u00ed como el\u00a0<strong>inicio de 20 kil\u00f3metros de carretera para comunicar Hidalgotitl\u00e1n con Uxpanapa<\/strong>, obra que se realizar\u00e1 por etapas.<\/p>\n<p>Asimismo, se inform\u00f3 sobre la\u00a0<strong>construcci\u00f3n de un puente vehicular en la comunidad Ni\u00f1o Artillero<\/strong>\u00a0y la implementaci\u00f3n de un esquema de\u00a0<strong>pavimentaci\u00f3n de caminos con asfalto en coordinaci\u00f3n con Petr\u00f3leos Mexicanos<\/strong>.<\/p>\n<h2 class=\"wp-block-heading\">Gestionan CRIT para el sur de Veracruz<\/h2>\n<p>Finalmente, la mandataria anunci\u00f3 que su gobierno gestiona, junto con el Ayuntamiento de Minatitl\u00e1n, la\u00a0<strong>construcci\u00f3n de un Centro de Rehabilitaci\u00f3n e Inclusi\u00f3n Infantil Telet\u00f3n (CRIT)<\/strong>\u00a0que brindar\u00eda atenci\u00f3n a ni\u00f1as y ni\u00f1os del sur de Veracruz y del Istmo de Tehuantepec.<\/p>\n<p>De acuerdo con lo planteado, el municipio aportar\u00eda el terreno y el Gobierno del Estado podr\u00eda cubrir\u00a0<strong>hasta la mitad del costo de construcci\u00f3n del proyecto<\/strong>.<\/p>\n","protected":false},"excerpt":{"rendered":"<p>La gobernadora de Veracruz, Roc\u00edo Nahle Garc\u00eda, encabez\u00f3 la entrega de\u00a0mil 268 tarjetas del programa Bienpesca\u00a0a pescadoras, pescadores y acuicultores<\/p>\n","protected":false},"author":4,"featured_media":75315,"comment_status":"closed","ping_status":"closed","sticky":false,"template":"","format":"standard","meta":{"colormag_page_container_layout":"default_layout","colormag_page_sidebar_layout":"default_layout","_jetpack_memberships_contains_paid_content":false,"footnotes":"","jetpack_publicize_message":"","jetpack_publicize_feature_enabled":true,"jetpack_social_post_already_shared":true,"jetpack_social_options":{"image_generator_settings":{"template":"highway","default_image_id":0,"font":"","enabled":false},"version":2}},"categories":[356],"tags":[],"class_list":["post-75314","post","type-post","status-publish","format-standard","has-post-thumbnail","hentry","category-veracruz"],"jetpack_publicize_connections":[],"jetpack_featured_media_url":"https:\/\/noticiasveracruz.com\/wp-content\/uploads\/2026\/03\/BIPES.jpg","jetpack_sharing_enabled":true,"publishpress_future_action":{"enabled":false,"date":"2026-05-07 18:11:07","action":"change-status","newStatus":"draft","terms":[],"taxonomy":"category","extraData":[]},"publishpress_future_workflow_manual_trigger":{"enabledWorkflows":[]},"_links":{"self":[{"href":"https:\/\/noticiasveracruz.com\/index.php\/wp-json\/wp\/v2\/posts\/75314","targetHints":{"allow":["GET"]}}],"collection":[{"href":"https:\/\/noticiasveracruz.com\/index.php\/wp-json\/wp\/v2\/posts"}],"about":[{"href":"https:\/\/noticiasveracruz.com\/index.php\/wp-json\/wp\/v2\/types\/post"}],"author":[{"embeddable":true,"href":"https:\/\/noticiasveracruz.com\/index.php\/wp-json\/wp\/v2\/users\/4"}],"replies":[{"embeddable":true,"href":"https:\/\/noticiasveracruz.com\/index.php\/wp-json\/wp\/v2\/comments?post=75314"}],"version-history":[{"count":0,"href":"https:\/\/noticiasveracruz.com\/index.php\/wp-json\/wp\/v2\/posts\/75314\/revisions"}],"wp:featuredmedia":[{"embeddable":true,"href":"https:\/\/noticiasveracruz.com\/index.php\/wp-json\/wp\/v2\/media\/75315"}],"wp:attachment":[{"href":"https:\/\/noticiasveracruz.com\/index.php\/wp-json\/wp\/v2\/media?parent=75314"}],"wp:term":[{"taxonomy":"category","embeddable":true,"href":"https:\/\/noticiasveracruz.com\/index.php\/wp-json\/wp\/v2\/categories?post=75314"},{"taxonomy":"post_tag","embeddable":true,"href":"https:\/\/noticiasveracruz.com\/index.php\/wp-json\/wp\/v2\/tags?post=75314"}],"curies":[{"name":"wp","href":"https:\/\/api.w.org\/{rel}","templated":true}]}}