{"id":75311,"date":"2026-03-14T00:03:15","date_gmt":"2026-03-14T06:03:15","guid":{"rendered":"https:\/\/noticiasveracruz.com\/?p=75311"},"modified":"2026-03-13T19:41:44","modified_gmt":"2026-03-14T01:41:44","slug":"inician-carretera-hidalgotitlan-uxpanapa-en-el-sur-de-veracruz","status":"publish","type":"post","link":"https:\/\/noticiasveracruz.com\/index.php\/2026\/03\/14\/inician-carretera-hidalgotitlan-uxpanapa-en-el-sur-de-veracruz\/","title":{"rendered":"Inician carretera Hidalgotitl\u00e1n\u2013Uxpanapa en el sur de Veracruz"},"content":{"rendered":"<p>La gobernadora de Veracruz, Roc\u00edo Nahle Garc\u00eda, encabez\u00f3 el\u00a0<strong>banderazo de inicio de la construcci\u00f3n en carpeta asf\u00e1ltica de los primeros 18 kil\u00f3metros de la carretera que comunica Hidalgotitl\u00e1n con Uxpanapa<\/strong>, obra considerada estrat\u00e9gica para la movilidad y el desarrollo econ\u00f3mico del sur del estado.<\/p>\n<p>La mandataria estuvo acompa\u00f1ada por la presidenta municipal de Hidalgotitl\u00e1n, Floricela Antonio S\u00e1nchez, y el presidente municipal de Uxpanapa, Mart\u00edn Aguilar Cu\u00e9llar, as\u00ed como por habitantes de la regi\u00f3n.<\/p>\n<p>Durante el evento destac\u00f3 que esta v\u00eda\u00a0<strong>facilitar\u00e1 el traslado de cientos de familias que diariamente se dirigen a municipios como Minatitl\u00e1n y Coatzacoalcos<\/strong>.<\/p>\n<h2 class=\"wp-block-heading\">Primera etapa contempla 18 kil\u00f3metros<\/h2>\n<p>La gobernadora record\u00f3 que la rehabilitaci\u00f3n de esta carretera forma parte de los compromisos asumidos durante su campa\u00f1a, cuando recorri\u00f3 la regi\u00f3n y constat\u00f3 el estado en que se encontraba la v\u00eda.<\/p>\n<p>Los trabajos iniciaron con\u00a0<strong>18 kil\u00f3metros en esta primera etapa<\/strong>, ya que el proyecto contempla la rehabilitaci\u00f3n de la base en distintos tramos para garantizar mayor durabilidad de la carpeta asf\u00e1ltica.<\/p>\n<p>Adem\u00e1s, pidi\u00f3 a las y los habitantes\u00a0<strong>acompa\u00f1ar y supervisar el desarrollo de la obra<\/strong>, con el fin de asegurar que los trabajos se realicen conforme a lo programado y con la calidad requerida.<\/p>\n<h2 class=\"wp-block-heading\">Anuncian obras viales en Minatitl\u00e1n<\/h2>\n<p>Posteriormente, junto con el presidente municipal de Minatitl\u00e1n, Guillermo Reyes Espronceda, la mandataria dio el banderazo de inicio de la\u00a0<strong>rehabilitaci\u00f3n con concreto hidr\u00e1ulico en la avenida Instituto Tecnol\u00f3gico<\/strong>, obra que contempla\u00a0<strong>un kil\u00f3metro de pavimentaci\u00f3n en uno de los accesos m\u00e1s transitados de la ciudad<\/strong>.<\/p>\n<p>Asimismo, adelant\u00f3 que se prev\u00e9 continuar con la\u00a0<strong>pavimentaci\u00f3n del tramo que conduce hacia Cosoleacaque<\/strong>, con el objetivo de renovar integralmente esta importante v\u00eda de comunicaci\u00f3n utilizada por habitantes y transportistas de la regi\u00f3n.<\/p>\n","protected":false},"excerpt":{"rendered":"<p>La gobernadora de Veracruz, Roc\u00edo Nahle Garc\u00eda, encabez\u00f3 el\u00a0banderazo de inicio de la construcci\u00f3n en carpeta asf\u00e1ltica de los primeros<\/p>\n","protected":false},"author":4,"featured_media":75312,"comment_status":"closed","ping_status":"closed","sticky":false,"template":"","format":"standard","meta":{"colormag_page_container_layout":"default_layout","colormag_page_sidebar_layout":"default_layout","_jetpack_memberships_contains_paid_content":false,"footnotes":"","jetpack_publicize_message":"","jetpack_publicize_feature_enabled":true,"jetpack_social_post_already_shared":true,"jetpack_social_options":{"image_generator_settings":{"template":"highway","default_image_id":0,"font":"","enabled":false},"version":2}},"categories":[356],"tags":[],"class_list":["post-75311","post","type-post","status-publish","format-standard","has-post-thumbnail","hentry","category-veracruz"],"jetpack_publicize_connections":[],"jetpack_featured_media_url":"https:\/\/noticiasveracruz.com\/wp-content\/uploads\/2026\/03\/CARRE.jpg","jetpack_sharing_enabled":true,"publishpress_future_action":{"enabled":false,"date":"2026-05-07 17:21:21","action":"change-status","newStatus":"draft","terms":[],"taxonomy":"category","extraData":[]},"publishpress_future_workflow_manual_trigger":{"enabledWorkflows":[]},"_links":{"self":[{"href":"https:\/\/noticiasveracruz.com\/index.php\/wp-json\/wp\/v2\/posts\/75311","targetHints":{"allow":["GET"]}}],"collection":[{"href":"https:\/\/noticiasveracruz.com\/index.php\/wp-json\/wp\/v2\/posts"}],"about":[{"href":"https:\/\/noticiasveracruz.com\/index.php\/wp-json\/wp\/v2\/types\/post"}],"author":[{"embeddable":true,"href":"https:\/\/noticiasveracruz.com\/index.php\/wp-json\/wp\/v2\/users\/4"}],"replies":[{"embeddable":true,"href":"https:\/\/noticiasveracruz.com\/index.php\/wp-json\/wp\/v2\/comments?post=75311"}],"version-history":[{"count":0,"href":"https:\/\/noticiasveracruz.com\/index.php\/wp-json\/wp\/v2\/posts\/75311\/revisions"}],"wp:featuredmedia":[{"embeddable":true,"href":"https:\/\/noticiasveracruz.com\/index.php\/wp-json\/wp\/v2\/media\/75312"}],"wp:attachment":[{"href":"https:\/\/noticiasveracruz.com\/index.php\/wp-json\/wp\/v2\/media?parent=75311"}],"wp:term":[{"taxonomy":"category","embeddable":true,"href":"https:\/\/noticiasveracruz.com\/index.php\/wp-json\/wp\/v2\/categories?post=75311"},{"taxonomy":"post_tag","embeddable":true,"href":"https:\/\/noticiasveracruz.com\/index.php\/wp-json\/wp\/v2\/tags?post=75311"}],"curies":[{"name":"wp","href":"https:\/\/api.w.org\/{rel}","templated":true}]}}