{"id":75308,"date":"2026-03-14T00:02:05","date_gmt":"2026-03-14T06:02:05","guid":{"rendered":"https:\/\/noticiasveracruz.com\/?p=75308"},"modified":"2026-03-13T19:40:32","modified_gmt":"2026-03-14T01:40:32","slug":"aprueban-programa-de-inversion-municipal-para-2026-en-poza-rica","status":"publish","type":"post","link":"https:\/\/noticiasveracruz.com\/index.php\/2026\/03\/14\/aprueban-programa-de-inversion-municipal-para-2026-en-poza-rica\/","title":{"rendered":"Aprueban programa de inversi\u00f3n municipal para 2026 en Poza Rica"},"content":{"rendered":"<p>Durante una sesi\u00f3n ordinaria de Cabildo, el Ayuntamiento analiz\u00f3 y aprob\u00f3 diversos puntos relacionados con\u00a0<strong>seguimiento administrativo, financiero y de obra p\u00fablica correspondientes al mes de febrero de 2026<\/strong>.<\/p>\n<p>En la sesi\u00f3n se present\u00f3 el\u00a0<strong>informe de asuntos turnados a comisiones<\/strong>, as\u00ed como los temas que fueron atendidos durante el mes anterior y aquellos que contin\u00faan en an\u00e1lisis, como parte del seguimiento institucional a los asuntos prioritarios del municipio.<\/p>\n<h2 class=\"wp-block-heading\">Aprueban estados financieros de febrero<\/h2>\n<p>El Cabildo aprob\u00f3 tambi\u00e9n los\u00a0<strong>Estados Financieros y el Corte de Caja correspondientes a febrero de 2026<\/strong>, instrumentos que permiten mantener claridad en el manejo de los recursos p\u00fablicos y fortalecer la rendici\u00f3n de cuentas ante la ciudadan\u00eda.<\/p>\n<h2 class=\"wp-block-heading\">Avalan programa de inversi\u00f3n municipal<\/h2>\n<p>Como parte central de la sesi\u00f3n, el cuerpo edilicio aprob\u00f3 el\u00a0<strong>Programa General de Inversi\u00f3n del Fondo de Aportaciones para el Fortalecimiento de los Municipios<\/strong>\u00a0(FORTAMUNDF) correspondiente al ejercicio 2026.<\/p>\n<p>Estos recursos son considerados estrat\u00e9gicos para\u00a0<strong>impulsar obras p\u00fablicas, mejorar servicios municipales y atender necesidades prioritarias de la poblaci\u00f3n<\/strong>.<\/p>\n<h2 class=\"wp-block-heading\">Votaci\u00f3n dividida en el Cabildo<\/h2>\n<p>Los acuerdos fueron aprobados por mayor\u00eda del Cabildo. Durante la votaci\u00f3n, los\u00a0<strong>regidores primero, segundo y tercero del partido Movimiento Ciudadano<\/strong>\u00a0emitieron su voto en contra.<\/p>\n<p>Con esta aprobaci\u00f3n quedaron avalados los instrumentos financieros que permitir\u00e1n\u00a0<strong>dar continuidad a proyectos y acciones de desarrollo en el municipio<\/strong>.<\/p>\n","protected":false},"excerpt":{"rendered":"<p>Durante una sesi\u00f3n ordinaria de Cabildo, el Ayuntamiento analiz\u00f3 y aprob\u00f3 diversos puntos relacionados con\u00a0seguimiento administrativo, financiero y de obra<\/p>\n","protected":false},"author":4,"featured_media":75309,"comment_status":"closed","ping_status":"closed","sticky":false,"template":"","format":"standard","meta":{"colormag_page_container_layout":"default_layout","colormag_page_sidebar_layout":"default_layout","_jetpack_memberships_contains_paid_content":false,"footnotes":"","jetpack_publicize_message":"","jetpack_publicize_feature_enabled":true,"jetpack_social_post_already_shared":true,"jetpack_social_options":{"image_generator_settings":{"template":"highway","default_image_id":0,"font":"","enabled":false},"version":2}},"categories":[356],"tags":[],"class_list":["post-75308","post","type-post","status-publish","format-standard","has-post-thumbnail","hentry","category-veracruz"],"jetpack_publicize_connections":[],"jetpack_featured_media_url":"https:\/\/noticiasveracruz.com\/wp-content\/uploads\/2026\/03\/APRU.jpg","jetpack_sharing_enabled":true,"publishpress_future_action":{"enabled":false,"date":"2026-05-07 16:33:38","action":"change-status","newStatus":"draft","terms":[],"taxonomy":"category","extraData":[]},"publishpress_future_workflow_manual_trigger":{"enabledWorkflows":[]},"_links":{"self":[{"href":"https:\/\/noticiasveracruz.com\/index.php\/wp-json\/wp\/v2\/posts\/75308","targetHints":{"allow":["GET"]}}],"collection":[{"href":"https:\/\/noticiasveracruz.com\/index.php\/wp-json\/wp\/v2\/posts"}],"about":[{"href":"https:\/\/noticiasveracruz.com\/index.php\/wp-json\/wp\/v2\/types\/post"}],"author":[{"embeddable":true,"href":"https:\/\/noticiasveracruz.com\/index.php\/wp-json\/wp\/v2\/users\/4"}],"replies":[{"embeddable":true,"href":"https:\/\/noticiasveracruz.com\/index.php\/wp-json\/wp\/v2\/comments?post=75308"}],"version-history":[{"count":0,"href":"https:\/\/noticiasveracruz.com\/index.php\/wp-json\/wp\/v2\/posts\/75308\/revisions"}],"wp:featuredmedia":[{"embeddable":true,"href":"https:\/\/noticiasveracruz.com\/index.php\/wp-json\/wp\/v2\/media\/75309"}],"wp:attachment":[{"href":"https:\/\/noticiasveracruz.com\/index.php\/wp-json\/wp\/v2\/media?parent=75308"}],"wp:term":[{"taxonomy":"category","embeddable":true,"href":"https:\/\/noticiasveracruz.com\/index.php\/wp-json\/wp\/v2\/categories?post=75308"},{"taxonomy":"post_tag","embeddable":true,"href":"https:\/\/noticiasveracruz.com\/index.php\/wp-json\/wp\/v2\/tags?post=75308"}],"curies":[{"name":"wp","href":"https:\/\/api.w.org\/{rel}","templated":true}]}}