{"id":75305,"date":"2026-03-14T00:01:57","date_gmt":"2026-03-14T06:01:57","guid":{"rendered":"https:\/\/noticiasveracruz.com\/?p=75305"},"modified":"2026-03-13T19:39:35","modified_gmt":"2026-03-14T01:39:35","slug":"fin-de-semana-largo-de-marzo-atraera-a-1-78-millones-de-turistas-a-hoteles","status":"publish","type":"post","link":"https:\/\/noticiasveracruz.com\/index.php\/2026\/03\/14\/fin-de-semana-largo-de-marzo-atraera-a-1-78-millones-de-turistas-a-hoteles\/","title":{"rendered":"Fin de semana largo de marzo atraer\u00e1 a 1.78 millones de turistas a hoteles"},"content":{"rendered":"<p>El fin de semana largo de marzo movilizar\u00e1 a millones de viajeros dentro del pa\u00eds. Durante el puente vacacional \u2013del viernes 13 al lunes 16 de marzo\u2013, la Secretar\u00eda de Turismo (Sectur) proyecta que lleguen 1.78 millones de turistas a cuartos de hotel en M\u00e9xico.<\/p>\n<p>De acuerdo con estimaciones de la dependencia, la ocupaci\u00f3n hotelera promedio a nivel nacional alcanzar\u00e1 67.1 por ciento, cifra ligeramente superior a la registrada en el mismo periodo del a\u00f1o pasado.<\/p>\n<p>Entre los destinos que concentrar\u00e1n la mayor llegada de visitantes destaca Ciudad de M\u00e9xico, con una estimaci\u00f3n de 153 mil 238 turistas, seguida de Canc\u00fan, con 76 mil 878; Riviera Maya, con 66 mil 399; y Acapulco, con 66 mil 024.<\/p>\n<p>La Sectur tambi\u00e9n prev\u00e9 una importante afluencia en Guadalajara, con 51 mil 851 turistas; Monterrey, con 46 mil 312; Puebla, con 42 mil 639; y Los Cabos, con 40 mil 608 visitantes.<\/p>\n<p>Otros destinos con movimiento durante este periodo ser\u00e1n Puerto Vallarta, donde se estima una ocupaci\u00f3n hotelera de 84 por ciento con 29 mil 763 turistas, as\u00ed como M\u00e9rida, con 26 mil 144 visitantes.<\/p>\n<p>As\u00ed, la ocupaci\u00f3n hotelera a nivel nacional alcanzar\u00eda un promedio de 67.1 por ciento, lo que representa 0.2 puntos porcentuales m\u00e1s que lo registrado en 2025.<\/p>\n<p>Josefina Rodr\u00edguez Zamora, titular de la Sectur, consider\u00f3 que los fines de semana largos y los puentes vacacionales impulsan el turismo nacional y permiten que m\u00e1s personas viajen y disfruten de los destinos de nuestro pa\u00eds.<\/p>\n<p>\u201cEsta actividad crea empleo, fortalece las econom\u00edas locales y contribuye a que los beneficios del turismo se traduzcan en prosperidad compartida para las comunidades\u201d.<\/p>\n<p>De concretarse las estimaciones, agreg\u00f3, se reflejar\u00e1 \u201cel dinamismo y la fortaleza del turismo nacional, as\u00ed como la preferencia de las y los viajeros por los diversos destinos del pa\u00eds, lo que impulsa la actividad econ\u00f3mica, el empleo y el bienestar de las comunidades que dependen de esta actividad\u201d.<\/p>\n<p>Ciudad de M\u00e9xico, Canc\u00fan, Riviera Maya y Acapulco concentrar\u00e1n la mayor llegada de visitantes<\/p>\n","protected":false},"excerpt":{"rendered":"<p>El fin de semana largo de marzo movilizar\u00e1 a millones de viajeros dentro del pa\u00eds. Durante el puente vacacional \u2013del<\/p>\n","protected":false},"author":4,"featured_media":75306,"comment_status":"closed","ping_status":"closed","sticky":false,"template":"","format":"standard","meta":{"colormag_page_container_layout":"default_layout","colormag_page_sidebar_layout":"default_layout","_jetpack_memberships_contains_paid_content":false,"footnotes":"","jetpack_publicize_message":"","jetpack_publicize_feature_enabled":true,"jetpack_social_post_already_shared":true,"jetpack_social_options":{"image_generator_settings":{"template":"highway","default_image_id":0,"font":"","enabled":false},"version":2}},"categories":[356],"tags":[],"class_list":["post-75305","post","type-post","status-publish","format-standard","has-post-thumbnail","hentry","category-veracruz"],"jetpack_publicize_connections":[],"jetpack_featured_media_url":"https:\/\/noticiasveracruz.com\/wp-content\/uploads\/2026\/03\/LOSTU.jpg","jetpack_sharing_enabled":true,"publishpress_future_action":{"enabled":false,"date":"2026-05-07 16:33:48","action":"change-status","newStatus":"draft","terms":[],"taxonomy":"category","extraData":[]},"publishpress_future_workflow_manual_trigger":{"enabledWorkflows":[]},"_links":{"self":[{"href":"https:\/\/noticiasveracruz.com\/index.php\/wp-json\/wp\/v2\/posts\/75305","targetHints":{"allow":["GET"]}}],"collection":[{"href":"https:\/\/noticiasveracruz.com\/index.php\/wp-json\/wp\/v2\/posts"}],"about":[{"href":"https:\/\/noticiasveracruz.com\/index.php\/wp-json\/wp\/v2\/types\/post"}],"author":[{"embeddable":true,"href":"https:\/\/noticiasveracruz.com\/index.php\/wp-json\/wp\/v2\/users\/4"}],"replies":[{"embeddable":true,"href":"https:\/\/noticiasveracruz.com\/index.php\/wp-json\/wp\/v2\/comments?post=75305"}],"version-history":[{"count":0,"href":"https:\/\/noticiasveracruz.com\/index.php\/wp-json\/wp\/v2\/posts\/75305\/revisions"}],"wp:featuredmedia":[{"embeddable":true,"href":"https:\/\/noticiasveracruz.com\/index.php\/wp-json\/wp\/v2\/media\/75306"}],"wp:attachment":[{"href":"https:\/\/noticiasveracruz.com\/index.php\/wp-json\/wp\/v2\/media?parent=75305"}],"wp:term":[{"taxonomy":"category","embeddable":true,"href":"https:\/\/noticiasveracruz.com\/index.php\/wp-json\/wp\/v2\/categories?post=75305"},{"taxonomy":"post_tag","embeddable":true,"href":"https:\/\/noticiasveracruz.com\/index.php\/wp-json\/wp\/v2\/tags?post=75305"}],"curies":[{"name":"wp","href":"https:\/\/api.w.org\/{rel}","templated":true}]}}