{"id":75297,"date":"2026-03-11T23:03:39","date_gmt":"2026-03-12T05:03:39","guid":{"rendered":"https:\/\/noticiasveracruz.com\/?p=75297"},"modified":"2026-03-12T23:04:56","modified_gmt":"2026-03-13T05:04:56","slug":"de-poco-sirven-las-promesas","status":"publish","type":"post","link":"https:\/\/noticiasveracruz.com\/index.php\/2026\/03\/11\/de-poco-sirven-las-promesas\/","title":{"rendered":"De poco sirven las promesas"},"content":{"rendered":"<p>En el en siglo de oro Mateo Alem\u00e1n, lo dijo muy claro \u201cno basta comenzar bien, ni sirve de mediar bien, si no se acaba bien; de poco sirven buenos principios y mejores medios, no saliendo pr\u00f3speros los fines\u201d.<\/p>\n<p>Hace ya algunos sexenios que las cosas en justicia no han sido tan sencillas como lo pensaron y piensan algunos mandatarios: pocos o nulos esfuerzos se han efectuado para mejorar la justicia en M\u00e9xico y de poco o de nada han servido las palabras proferidas por quienes fueron y es la Primera Magistrada de la Naci\u00f3n.<\/p>\n<p>Ahora y precisamente en el terreno de procuraci\u00f3n e impartici\u00f3n de justicia, se contraponen con frecuencia a los profundos esfuerzos de togas independientes las voluntades que dicen realizaron los antiguos gobernantes o realiza la actual Presidenta Constitucional, para conseguir o lograr una buena Justicia como lo mandata el art\u00edculo 17 de la Constituci\u00f3n Pol\u00edtica de los Estados Unidos Mexicanos.<\/p>\n<p>Tal es el cuadro que lamentablemente vive M\u00e9xico, agregando, que la procuraci\u00f3n e impartici\u00f3n de justicia ha entrado en \u00e9sta era que preside Claudia Sheinbaum Pardo, en una m\u00e1s profunda crisis de caracter\u00edsticas o dimensiones sin precedentes, ya que sigue inmersa en el fen\u00f3meno de la narco-pol\u00edtica que se infiltr\u00f3 en el referido medio y la cual hasta la fecha no se quiere combatir.<\/p>\n<p>Lo que realmente falta no es s\u00f3lo haber comenzado su mandato bien (con el apoyo que logr\u00f3 con aqu\u00e9l voto del pueblo), sino tambi\u00e9n que llegue al final con bien.<\/p>\n<p>La falta de claridad y de consecuencias en el combate a la narco-pol\u00edtica, es en efecto un mal que corroe internamente a los principios pol\u00edticos y jur\u00eddicos que sostiene la referida gobernante. La carencia de una consecuencia en bien de la procuraci\u00f3n e impartici\u00f3n de justicia, puede tener a veces un final sin prosperidad para su mandato, pero es, en cambio, un serio obst\u00e1culo al progreso de su gobernanza y de los Estados Unidos Mexicanos.<\/p>\n<p>El reconocimiento a su actuar por parte de la abogac\u00eda independiente de la Federaci\u00f3n, no puede establecer criterios \u00faltimos de sus buenos principios y mejores medios que dice realizar, ya que ello no ha sido empleado para finiquitar la narco-pol\u00edtica que se inici\u00f3 con aquella alianza denunciada en la Procuradur\u00eda General de la Rep\u00fablica y que hasta la fecha sigue en impunidad y complicidad.<\/p>\n<p>Existe una notoria y notable ambig\u00fcedad entre los medios y los fines, lo cual hace que el concepto general de su actuaci\u00f3n sea inadecuado en cuanto a lo que dice y promete y no obtiene.<\/p>\n<p>Cuando el poder se adquiere, debe ser finalizado con probidad y prosperidad como bien lo dijo Mateo Alem\u00e1n.<\/p>\n<p>Es cu\u00e1nto.<\/p>\n<p><img loading=\"lazy\" decoding=\"async\" class=\"alignnone wp-image-75276 size-full\" src=\"http:\/\/noticiasveracruz.com\/wp-content\/uploads\/2026\/03\/FIRMA-EDITORIAL-PD-3.jpg\" alt=\"\" width=\"1024\" height=\"125\" srcset=\"https:\/\/noticiasveracruz.com\/wp-content\/uploads\/2026\/03\/FIRMA-EDITORIAL-PD-3.jpg 1024w, https:\/\/noticiasveracruz.com\/wp-content\/uploads\/2026\/03\/FIRMA-EDITORIAL-PD-3-300x37.jpg 300w, https:\/\/noticiasveracruz.com\/wp-content\/uploads\/2026\/03\/FIRMA-EDITORIAL-PD-3-768x94.jpg 768w\" sizes=\"auto, (max-width: 1024px) 100vw, 1024px\" \/><\/p>\n","protected":false},"excerpt":{"rendered":"<p>En el en siglo de oro Mateo Alem\u00e1n, lo dijo muy claro \u201cno basta comenzar bien, ni sirve de mediar<\/p>\n","protected":false},"author":4,"featured_media":71864,"comment_status":"closed","ping_status":"closed","sticky":false,"template":"","format":"standard","meta":{"colormag_page_container_layout":"default_layout","colormag_page_sidebar_layout":"default_layout","_jetpack_memberships_contains_paid_content":false,"footnotes":"","jetpack_publicize_message":"","jetpack_publicize_feature_enabled":true,"jetpack_social_post_already_shared":true,"jetpack_social_options":{"image_generator_settings":{"template":"highway","default_image_id":0,"font":"","enabled":false},"version":2}},"categories":[6],"tags":[],"class_list":["post-75297","post","type-post","status-publish","format-standard","has-post-thumbnail","hentry","category-columnistas"],"jetpack_publicize_connections":[],"jetpack_featured_media_url":"https:\/\/noticiasveracruz.com\/wp-content\/uploads\/2026\/01\/NV-ALBERTO-WOOLRICH-2-800x445-1.jpg","jetpack_sharing_enabled":true,"publishpress_future_action":{"enabled":false,"date":"2026-05-06 14:41:45","action":"change-status","newStatus":"draft","terms":[],"taxonomy":"category","extraData":[]},"publishpress_future_workflow_manual_trigger":{"enabledWorkflows":[]},"_links":{"self":[{"href":"https:\/\/noticiasveracruz.com\/index.php\/wp-json\/wp\/v2\/posts\/75297","targetHints":{"allow":["GET"]}}],"collection":[{"href":"https:\/\/noticiasveracruz.com\/index.php\/wp-json\/wp\/v2\/posts"}],"about":[{"href":"https:\/\/noticiasveracruz.com\/index.php\/wp-json\/wp\/v2\/types\/post"}],"author":[{"embeddable":true,"href":"https:\/\/noticiasveracruz.com\/index.php\/wp-json\/wp\/v2\/users\/4"}],"replies":[{"embeddable":true,"href":"https:\/\/noticiasveracruz.com\/index.php\/wp-json\/wp\/v2\/comments?post=75297"}],"version-history":[{"count":0,"href":"https:\/\/noticiasveracruz.com\/index.php\/wp-json\/wp\/v2\/posts\/75297\/revisions"}],"wp:featuredmedia":[{"embeddable":true,"href":"https:\/\/noticiasveracruz.com\/index.php\/wp-json\/wp\/v2\/media\/71864"}],"wp:attachment":[{"href":"https:\/\/noticiasveracruz.com\/index.php\/wp-json\/wp\/v2\/media?parent=75297"}],"wp:term":[{"taxonomy":"category","embeddable":true,"href":"https:\/\/noticiasveracruz.com\/index.php\/wp-json\/wp\/v2\/categories?post=75297"},{"taxonomy":"post_tag","embeddable":true,"href":"https:\/\/noticiasveracruz.com\/index.php\/wp-json\/wp\/v2\/tags?post=75297"}],"curies":[{"name":"wp","href":"https:\/\/api.w.org\/{rel}","templated":true}]}}