{"id":75279,"date":"2026-03-06T22:43:07","date_gmt":"2026-03-07T04:43:07","guid":{"rendered":"https:\/\/noticiasveracruz.com\/?p=75279"},"modified":"2026-03-12T22:43:58","modified_gmt":"2026-03-13T04:43:58","slug":"el-agua-la-agenda-que-veracruz-ignoro","status":"publish","type":"post","link":"https:\/\/noticiasveracruz.com\/index.php\/2026\/03\/06\/el-agua-la-agenda-que-veracruz-ignoro\/","title":{"rendered":"El agua: la agenda que Veracruz ignor\u00f3"},"content":{"rendered":"<p style=\"font-weight: 400;\"><em>\u201cSi no se respeta lo sagrado, no se tiene nada en que fijar la conducta\u201d. \u2013 Confucio.<\/em><\/p>\n<p style=\"font-weight: 400;\"><strong>\u00a0<\/strong><\/p>\n<p style=\"font-weight: 400;\"><strong>En un estado con m\u00e1s de ocho millones de habitantes, gobernar implica algo m\u00e1s que administrar coyunturas pol\u00edticas o responder a la agenda diaria de conflictos. Gobernar es anticipar crisis. Y en Veracruz, una de las crisis m\u00e1s serias \u2014aunque por d\u00e9cadas fue ignorada\u2014 es la del agua. Hoy, la gobernadora Roc\u00edo Nahle Garc\u00eda ha comenzado a colocar ese tema en el centro del debate p\u00fablico y en la agenda gubernamental, algo que durante a\u00f1os simplemente no ocurri\u00f3.<\/strong><\/p>\n<p style=\"font-weight: 400;\"><strong>Desde los tiempos de Fidel Herrera Beltr\u00e1n, ning\u00fan mandatario estatal abord\u00f3 con seriedad la necesidad de construir un verdadero plan h\u00eddrico para Veracruz. Hubo discursos, promesas de infraestructura y proyectos aislados, pero nunca una ruta clara que atendiera el problema estructural del agua en la entidad. El resultado est\u00e1 a la vista: sistemas hidr\u00e1ulicos deteriorados, plantas potabilizadoras abandonadas, redes de distribuci\u00f3n colapsadas y, en muchos municipios, una poblaci\u00f3n acostumbrada a la incertidumbre del suministro.<\/strong><\/p>\n<p style=\"font-weight: 400;\"><strong>El problema ya no es hipot\u00e9tico. La crisis h\u00eddrica que hoy amenaza a la zona conurbada Veracruz\u2013Boca del R\u00edo\u2013Medell\u00edn\u2013Alvarado es un ejemplo contundente. Durante d\u00e9cadas, el abastecimiento de agua dependi\u00f3 en gran medida de los deshielos provenientes del Pico de Orizaba, particularmente del glaciar Jamapa. Sin embargo, la desaparici\u00f3n progresiva de ese glaciar por efectos del cambio clim\u00e1tico ha modificado de manera irreversible el equilibrio h\u00eddrico de la regi\u00f3n.<\/strong><\/p>\n<p style=\"font-weight: 400;\"><strong>A ello se suma un factor humano: el modelo de operaci\u00f3n del servicio concesionado a Grupo MAS, cuyo desempe\u00f1o ha sido ampliamente cuestionado por usuarios y especialistas. Durante a\u00f1os, el \u00e9nfasis pareci\u00f3 centrarse en la rentabilidad del servicio, mientras la inversi\u00f3n en mantenimiento, modernizaci\u00f3n y expansi\u00f3n del sistema quedaba rezagada. El resultado es un sistema fr\u00e1gil frente a un escenario ambiental cada vez m\u00e1s adverso.<\/strong><\/p>\n<p style=\"font-weight: 400;\"><strong>En ese contexto, la decisi\u00f3n de la gobernadora de colocar el tema del agua en el discurso pol\u00edtico y en la agenda p\u00fablica representa un giro significativo. La reciente inauguraci\u00f3n de la rehabilitaci\u00f3n de una planta potabilizadora en Juan Rodr\u00edguez Clara, realizada a trav\u00e9s de la Comisi\u00f3n del Agua del Estado de Veracruz, puede parecer una obra menor: una inversi\u00f3n de apenas 415 mil pesos para beneficiar a poco m\u00e1s de 15 mil habitantes. Pero el mensaje pol\u00edtico es mayor que la cifra.<\/strong><\/p>\n<p style=\"font-weight: 400;\"><strong>El gobierno estatal ha planteado una meta ambiciosa: recuperar la infraestructura hidr\u00e1ulica abandonada en los municipios. Bajo la direcci\u00f3n del titular de la CAEV, Luis Fernando Cervantes Cruz, se ha anunciado la rehabilitaci\u00f3n de plantas potabilizadoras en distintas regiones del estado, con la idea de garantizar el derecho al agua como un servicio p\u00fablico esencial.<\/strong><\/p>\n<p style=\"font-weight: 400;\"><strong>El desaf\u00edo, sin embargo, apenas comienza. Si el diagn\u00f3stico es correcto \u2014y todo indica que lo es\u2014 Veracruz necesita algo m\u00e1s que rehabilitaciones puntuales. Necesita un plan h\u00eddrico integral que contemple nuevas fuentes de abastecimiento, modernizaci\u00f3n de redes, regulaci\u00f3n eficiente de concesiones y una pol\u00edtica de adaptaci\u00f3n al cambio clim\u00e1tico.<\/strong><\/p>\n<p style=\"font-weight: 400;\"><strong>Porque en el fondo, el verdadero debate no es t\u00e9cnico sino pol\u00edtico: decidir si el agua seguir\u00e1 siendo un problema que se administra o una prioridad estrat\u00e9gica para el futuro del estado. Y en ese terreno, la responsabilidad final recae inevitablemente en quien gobierna. En este caso, en Roc\u00edo Nahle.<\/strong><\/p>\n<p style=\"font-weight: 400;\"><strong>\u00a0<\/strong><\/p>\n<p style=\"font-weight: 400;\"><strong>Al tiempo.<\/strong><\/p>\n<p><img loading=\"lazy\" decoding=\"async\" class=\"alignnone wp-image-75276 size-full\" src=\"http:\/\/noticiasveracruz.com\/wp-content\/uploads\/2026\/03\/FIRMA-EDITORIAL-PD-3.jpg\" alt=\"\" width=\"1024\" height=\"125\" srcset=\"https:\/\/noticiasveracruz.com\/wp-content\/uploads\/2026\/03\/FIRMA-EDITORIAL-PD-3.jpg 1024w, https:\/\/noticiasveracruz.com\/wp-content\/uploads\/2026\/03\/FIRMA-EDITORIAL-PD-3-300x37.jpg 300w, https:\/\/noticiasveracruz.com\/wp-content\/uploads\/2026\/03\/FIRMA-EDITORIAL-PD-3-768x94.jpg 768w\" sizes=\"auto, (max-width: 1024px) 100vw, 1024px\" \/><\/p>\n","protected":false},"excerpt":{"rendered":"<p>\u201cSi no se respeta lo sagrado, no se tiene nada en que fijar la conducta\u201d. \u2013 Confucio. \u00a0 En un<\/p>\n","protected":false},"author":4,"featured_media":71786,"comment_status":"closed","ping_status":"closed","sticky":false,"template":"","format":"standard","meta":{"colormag_page_container_layout":"default_layout","colormag_page_sidebar_layout":"default_layout","_jetpack_memberships_contains_paid_content":false,"footnotes":"","jetpack_publicize_message":"","jetpack_publicize_feature_enabled":true,"jetpack_social_post_already_shared":true,"jetpack_social_options":{"image_generator_settings":{"template":"highway","default_image_id":0,"font":"","enabled":false},"version":2}},"categories":[6],"tags":[],"class_list":["post-75279","post","type-post","status-publish","format-standard","has-post-thumbnail","hentry","category-columnistas"],"jetpack_publicize_connections":[],"jetpack_featured_media_url":"https:\/\/noticiasveracruz.com\/wp-content\/uploads\/2026\/01\/BANNERBAQUEIRO-NV.jpg","jetpack_sharing_enabled":true,"publishpress_future_action":{"enabled":false,"date":"2026-05-06 16:02:16","action":"change-status","newStatus":"draft","terms":[],"taxonomy":"category","extraData":[]},"publishpress_future_workflow_manual_trigger":{"enabledWorkflows":[]},"_links":{"self":[{"href":"https:\/\/noticiasveracruz.com\/index.php\/wp-json\/wp\/v2\/posts\/75279","targetHints":{"allow":["GET"]}}],"collection":[{"href":"https:\/\/noticiasveracruz.com\/index.php\/wp-json\/wp\/v2\/posts"}],"about":[{"href":"https:\/\/noticiasveracruz.com\/index.php\/wp-json\/wp\/v2\/types\/post"}],"author":[{"embeddable":true,"href":"https:\/\/noticiasveracruz.com\/index.php\/wp-json\/wp\/v2\/users\/4"}],"replies":[{"embeddable":true,"href":"https:\/\/noticiasveracruz.com\/index.php\/wp-json\/wp\/v2\/comments?post=75279"}],"version-history":[{"count":0,"href":"https:\/\/noticiasveracruz.com\/index.php\/wp-json\/wp\/v2\/posts\/75279\/revisions"}],"wp:featuredmedia":[{"embeddable":true,"href":"https:\/\/noticiasveracruz.com\/index.php\/wp-json\/wp\/v2\/media\/71786"}],"wp:attachment":[{"href":"https:\/\/noticiasveracruz.com\/index.php\/wp-json\/wp\/v2\/media?parent=75279"}],"wp:term":[{"taxonomy":"category","embeddable":true,"href":"https:\/\/noticiasveracruz.com\/index.php\/wp-json\/wp\/v2\/categories?post=75279"},{"taxonomy":"post_tag","embeddable":true,"href":"https:\/\/noticiasveracruz.com\/index.php\/wp-json\/wp\/v2\/tags?post=75279"}],"curies":[{"name":"wp","href":"https:\/\/api.w.org\/{rel}","templated":true}]}}