{"id":75275,"date":"2026-03-05T22:39:41","date_gmt":"2026-03-06T04:39:41","guid":{"rendered":"https:\/\/noticiasveracruz.com\/?p=75275"},"modified":"2026-03-12T22:43:00","modified_gmt":"2026-03-13T04:43:00","slug":"los-edificios-abandonados-en-el-centro-de-veracruz","status":"publish","type":"post","link":"https:\/\/noticiasveracruz.com\/index.php\/2026\/03\/05\/los-edificios-abandonados-en-el-centro-de-veracruz\/","title":{"rendered":"Los edificios abandonados en el centro de Veracruz"},"content":{"rendered":"<p>L<b>os edificios abandonados no son paisaje, son advertencias<\/b>. Advertencias de un Estado que tolera el deterioro hasta que ocurre la desgracia. Actuar no es una opci\u00f3n est\u00e9tica ni tur\u00edstica; es una\u00a0<b>obligaci\u00f3n legal, \u00e9tica y humana<\/b>. El centro hist\u00f3rico no se defiende con discursos: se protege con decisiones firmes y acciones verificables.<\/p>\n<p>Frente al\u00a0<b>riesgo real<\/b>\u00a0que representan los edificios abandonados del centro hist\u00f3rico del puerto, la pregunta ya no es ret\u00f3rica sino\u00a0<b>urgente<\/b>: \u00bfQu\u00e9 se debe hacer? La respuesta no admite ocurrencias ni discursos; exige\u00a0<b>pol\u00edtica p\u00fablica, ley y voluntad<\/b>. En una ciudad con la carga hist\u00f3rica y econ\u00f3mica de\u00a0<b>Veracruz<\/b>, el abandono inmobiliario es una forma de violencia urbana silenciosa. Como las autoridades municipales nada m\u00e1s hacen anuncios y discursos de que ahora s\u00ed van a actuar, con criterio period\u00edstico y sentido c\u00edvico proponemos, un\u00a0<b>dec\u00e1logo de acciones concretas<\/b>:<\/p>\n<ol start=\"1\">\n<li><span role=\"presentation\"><b>Censo t\u00e9cnico inmediato y p\u00fablico<\/b><br \/>\nLevantar un inventario actualizado de inmuebles abandonados o en riesgo estructural, con dict\u00e1menes t\u00e9cnicos visibles para la ciudadan\u00eda. Sin diagn\u00f3stico no hay soluci\u00f3n, solo simulaci\u00f3n.<\/span><\/li>\n<li><span role=\"presentation\"><b>Clausura preventiva y se\u00f1alizaci\u00f3n obligatoria<\/b><br \/>\nTodo edificio con riesgo debe ser\u00a0<b>cerrado, apuntalado y se\u00f1alizado<\/b>. No hacerlo convierte a la autoridad en corresponsable de cualquier tragedia.<\/span><\/li>\n<li><span role=\"presentation\"><b>Responsabilidad legal a propietarios<\/b><br \/>\nAplicar la ley:\u00a0<b>multas progresivas, recargos fiscales y sanciones administrativas<\/b>\u00a0a due\u00f1os omisos. La propiedad privada no ampara el abandono que pone en peligro vidas.<\/span><\/li>\n<li><span role=\"presentation\"><b>Expropiaci\u00f3n por causa de utilidad p\u00fablica (cuando proceda)<\/b><br \/>\nSi el propietario no cumple y el riesgo persiste, el Estado tiene la facultad legal de\u00a0<b>expropiar<\/b>\u00a0para proteger el inter\u00e9s colectivo y rescatar el patrimonio.<\/span><\/li>\n<li><span role=\"presentation\"><b>Programa integral de rescate del Centro Hist\u00f3rico<\/b><br \/>\nNo parches: un plan multianual con presupuesto etiquetado para\u00a0<b>restauraci\u00f3n, rehabilitaci\u00f3n y reconversi\u00f3n<\/b>\u00a0de inmuebles con valor hist\u00f3rico y social.<\/span><\/li>\n<li><span role=\"presentation\"><b>Reutilizaci\u00f3n social y cultural<\/b><br \/>\nConvertir edificios rescatados en\u00a0<b>vivienda, centros culturales, museos, bibliotecas, escuelas de artes y espacios comunitarios<\/b>. La ciudad se habita, no se maquilla.<\/span><\/li>\n<li><span role=\"presentation\"><b>Incentivos fiscales a la rehabilitaci\u00f3n responsable<\/b><br \/>\nReducciones de impuestos y facilidades administrativas a quienes\u00a0<b>restauren con apego a normas t\u00e9cnicas y patrimoniales<\/b>. Premiar al que cumple.<\/span><\/li>\n<li><span role=\"presentation\"><b>Transparencia y vigilancia ciudadana<\/b><br \/>\nPublicar contratos, costos, avances y responsables. Integrar\u00a0<b>comit\u00e9s ciudadanos<\/b>\u00a0que supervisen obras y denuncien simulaciones.<\/span><\/li>\n<li><span role=\"presentation\"><b>Coordinaci\u00f3n real entre los tres niveles de gobierno<\/b><br \/>\nFederaci\u00f3n, estado y municipio deben dejar de pasarse la pelota. El abandono es compartido; la soluci\u00f3n tambi\u00e9n debe serlo.<\/span><\/li>\n<li><span role=\"presentation\"><b>Voluntad pol\u00edtica sostenida<\/b><br \/>\nNada de inauguraciones ef\u00edmeras ni listones. El rescate urbano exige continuidad, no fotos.<\/span><\/li>\n<\/ol>\n<p><img loading=\"lazy\" decoding=\"async\" class=\"alignnone wp-image-75276 size-full\" src=\"http:\/\/noticiasveracruz.com\/wp-content\/uploads\/2026\/03\/FIRMA-EDITORIAL-PD-3.jpg\" alt=\"\" width=\"1024\" height=\"125\" srcset=\"https:\/\/noticiasveracruz.com\/wp-content\/uploads\/2026\/03\/FIRMA-EDITORIAL-PD-3.jpg 1024w, https:\/\/noticiasveracruz.com\/wp-content\/uploads\/2026\/03\/FIRMA-EDITORIAL-PD-3-300x37.jpg 300w, https:\/\/noticiasveracruz.com\/wp-content\/uploads\/2026\/03\/FIRMA-EDITORIAL-PD-3-768x94.jpg 768w\" sizes=\"auto, (max-width: 1024px) 100vw, 1024px\" \/><\/p>\n","protected":false},"excerpt":{"rendered":"<p>Los edificios abandonados no son paisaje, son advertencias. Advertencias de un Estado que tolera el deterioro hasta que ocurre la<\/p>\n","protected":false},"author":4,"featured_media":74051,"comment_status":"closed","ping_status":"closed","sticky":false,"template":"","format":"standard","meta":{"colormag_page_container_layout":"default_layout","colormag_page_sidebar_layout":"default_layout","_jetpack_memberships_contains_paid_content":false,"footnotes":"","jetpack_publicize_message":"","jetpack_publicize_feature_enabled":true,"jetpack_social_post_already_shared":true,"jetpack_social_options":{"image_generator_settings":{"template":"highway","default_image_id":0,"font":"","enabled":false},"version":2}},"categories":[6],"tags":[],"class_list":["post-75275","post","type-post","status-publish","format-standard","has-post-thumbnail","hentry","category-columnistas"],"jetpack_publicize_connections":[],"jetpack_featured_media_url":"https:\/\/noticiasveracruz.com\/wp-content\/uploads\/2026\/02\/BANNER-cristiani-NV-2.jpg","jetpack_sharing_enabled":true,"publishpress_future_action":{"enabled":false,"date":"2026-05-06 16:00:09","action":"change-status","newStatus":"draft","terms":[],"taxonomy":"category","extraData":[]},"publishpress_future_workflow_manual_trigger":{"enabledWorkflows":[]},"_links":{"self":[{"href":"https:\/\/noticiasveracruz.com\/index.php\/wp-json\/wp\/v2\/posts\/75275","targetHints":{"allow":["GET"]}}],"collection":[{"href":"https:\/\/noticiasveracruz.com\/index.php\/wp-json\/wp\/v2\/posts"}],"about":[{"href":"https:\/\/noticiasveracruz.com\/index.php\/wp-json\/wp\/v2\/types\/post"}],"author":[{"embeddable":true,"href":"https:\/\/noticiasveracruz.com\/index.php\/wp-json\/wp\/v2\/users\/4"}],"replies":[{"embeddable":true,"href":"https:\/\/noticiasveracruz.com\/index.php\/wp-json\/wp\/v2\/comments?post=75275"}],"version-history":[{"count":0,"href":"https:\/\/noticiasveracruz.com\/index.php\/wp-json\/wp\/v2\/posts\/75275\/revisions"}],"wp:featuredmedia":[{"embeddable":true,"href":"https:\/\/noticiasveracruz.com\/index.php\/wp-json\/wp\/v2\/media\/74051"}],"wp:attachment":[{"href":"https:\/\/noticiasveracruz.com\/index.php\/wp-json\/wp\/v2\/media?parent=75275"}],"wp:term":[{"taxonomy":"category","embeddable":true,"href":"https:\/\/noticiasveracruz.com\/index.php\/wp-json\/wp\/v2\/categories?post=75275"},{"taxonomy":"post_tag","embeddable":true,"href":"https:\/\/noticiasveracruz.com\/index.php\/wp-json\/wp\/v2\/tags?post=75275"}],"curies":[{"name":"wp","href":"https:\/\/api.w.org\/{rel}","templated":true}]}}