{"id":75263,"date":"2026-03-13T00:17:59","date_gmt":"2026-03-13T06:17:59","guid":{"rendered":"https:\/\/noticiasveracruz.com\/?p=75263"},"modified":"2026-03-12T22:32:44","modified_gmt":"2026-03-13T04:32:44","slug":"avion-cisterna-de-eu-se-estrella-en-irak-fuerzas-armadas-niegan-que-fuera-derribado","status":"publish","type":"post","link":"https:\/\/noticiasveracruz.com\/index.php\/2026\/03\/13\/avion-cisterna-de-eu-se-estrella-en-irak-fuerzas-armadas-niegan-que-fuera-derribado\/","title":{"rendered":"Avi\u00f3n cisterna de EU se estrella en Irak; fuerzas armadas niegan que fuera derribado"},"content":{"rendered":"<p class=\"nota-justify\">Un avi\u00f3n estadunidense de reabastecimiento KC-135 se estrell\u00f3 este jueves en el oeste de Irak, mientras que un segundo avi\u00f3n implicado en el incidente aterriz\u00f3 sin problemas, inform\u00f3 el ej\u00e9rcito de Estados Unidos.<\/p>\n<p class=\"nota-justify\">\u201cUna de las aeronaves cay\u00f3 en el oeste de Irak y la segunda aterriz\u00f3 sin contratiempos. No se debi\u00f3 a fuego hostil ni a fuego amigo\u201d, se\u00f1al\u00f3 en un comunicado el Comando Central estadunidense (Centcom).<\/p>\n<p class=\"nota-justify\">El KC-135 es la cuarta aeronave militar estadunidense perdida durante la operaci\u00f3n Furia \u00c9pica, lanzada contra Ir\u00e1n, despu\u00e9s de que tres F-15 fueron derribados por fuego amigo sobre Kuwait.<\/p>\n<p class=\"nota-justify\">\u201cSe proporcionar\u00e1 m\u00e1s informaci\u00f3n a medida que evolucione la situaci\u00f3n\u201d, a\u00f1adi\u00f3 el mando castrense. \u201cSolicitamos paciencia para recopilar m\u00e1s detalles y brindar mayor claridad a las familias de los militares\u201d.<\/p>\n<p class=\"nota-justify\">Un funcionario estadunidense declar\u00f3 a Reuters bajo condici\u00f3n de anonimato que el avi\u00f3n involucrado en el incidente ten\u00eda seis miembros del servicio a bordo. No qued\u00f3 claro de inmediato si hubo v\u00edctimas.<\/p>\n<p class=\"nota-justify\">Horas despu\u00e9s, el portavoz del Cuartel General Central Khatam al-Anbiya, milicia iraqu\u00ed pro iran\u00ed, asegur\u00f3 que \u201cun avi\u00f3n cisterna del ej\u00e9rcito de Estados Unidos fue alcanzado por un misil de grupos de la resistencia en el oeste de Irak, se estrell\u00f3 y toda la tripulaci\u00f3n muri\u00f3\u201d.<\/p>\n<p class=\"nota-justify\">Al cierre de esta edici\u00f3n Washington no confirm\u00f3 ni desminti\u00f3 la afirmaci\u00f3n.<\/p>\n<p class=\"nota-justify\">Antes, el Pent\u00e1gono inform\u00f3 que sus fuerzas atacaron m\u00e1s de 6 mil objetivos desde que comenz\u00f3 la operaci\u00f3n Furia \u00c9pica contra Teher\u00e1n, el pasado 28 de febrero.<\/p>\n<p class=\"nota-justify\"><strong>Militar franc\u00e9s muere en ataque en el Kurdist\u00e1n iraqu\u00ed<\/strong><\/p>\n<p class=\"nota-justify\">Un militar franc\u00e9s muri\u00f3 durante un ataque en la regi\u00f3n de Erbil, en el Kurdist\u00e1n iraqu\u00ed, anunci\u00f3 el presidente de Francia, Emmanuel Macron.<\/p>\n<p class=\"nota-justify\">\u201cEl suboficial Arnaud Frion, del 7.\u00ba Batall\u00f3n de Cazadores Alpinos de Varces, muri\u00f3 por Francia durante un ataque en la regi\u00f3n de Erbil, en Irak\u201d, escribi\u00f3 el mandatario en sus redes sociales. A\u00f1adi\u00f3 que \u201cla guerra en Ir\u00e1n no puede justificar este tipo de ataques\u201d.<\/p>\n<p class=\"nota-justify\">Italia denunci\u00f3 un ataque con misil contra una base militar italiana situada en la ciudad de Erbil, capital de la regi\u00f3n semiaut\u00f3noma del Kurdist\u00e1n iraqu\u00ed. No se reportaron v\u00edctimas en el ataque.<\/p>\n<p class=\"nota-justify\"><strong>Reportan incendio en el portaviones\u00a0<\/strong><i><strong>Gerald R. Ford<\/strong><\/i><\/p>\n<p class=\"nota-justify\">El portaaviones estadunidense\u00a0<i>Gerald R. Ford<\/i>, el m\u00e1s grande del mundo y actualmente desplegado en el Mar Rojo, sufri\u00f3 un incendio en su zona de lavander\u00eda donde dos marines resultaron heridos sin ning\u00fan tipo de relaci\u00f3n con la guerra contra Ir\u00e1n, inform\u00f3 el Comando Central Naval.<\/p>\n<p class=\"nota-justify\">\u201cLos dos marinos est\u00e1n bajo cuidados m\u00e9dicos y en condici\u00f3n estable\u201d, a\u00f1adi\u00f3 el comunicado.<\/p>\n<p class=\"nota-justify\">Un barco iran\u00ed que naveg\u00f3 demasiado cerca del portaaviones\u00a0<i>Abraham Lincoln<\/i>\u00a0fue atacado a principios de esta semana, reportaron dos funcionarios estadunidenses a CBS News bajo condici\u00f3n de anonimato. Se desconoce el estado del buque y su tripulaci\u00f3n.<\/p>\n","protected":false},"excerpt":{"rendered":"<p>Un avi\u00f3n estadunidense de reabastecimiento KC-135 se estrell\u00f3 este jueves en el oeste de Irak, mientras que un segundo avi\u00f3n<\/p>\n","protected":false},"author":4,"featured_media":75264,"comment_status":"closed","ping_status":"closed","sticky":false,"template":"","format":"standard","meta":{"colormag_page_container_layout":"default_layout","colormag_page_sidebar_layout":"default_layout","_jetpack_memberships_contains_paid_content":false,"footnotes":"","jetpack_publicize_message":"","jetpack_publicize_feature_enabled":true,"jetpack_social_post_already_shared":true,"jetpack_social_options":{"image_generator_settings":{"template":"highway","default_image_id":0,"font":"","enabled":false},"version":2}},"categories":[355],"tags":[],"class_list":["post-75263","post","type-post","status-publish","format-standard","has-post-thumbnail","hentry","category-internacional"],"jetpack_publicize_connections":[],"jetpack_featured_media_url":"https:\/\/noticiasveracruz.com\/wp-content\/uploads\/2026\/03\/ELA.jpg","jetpack_sharing_enabled":true,"publishpress_future_action":{"enabled":false,"date":"2026-05-06 23:36:22","action":"change-status","newStatus":"draft","terms":[],"taxonomy":"category","extraData":[]},"publishpress_future_workflow_manual_trigger":{"enabledWorkflows":[]},"_links":{"self":[{"href":"https:\/\/noticiasveracruz.com\/index.php\/wp-json\/wp\/v2\/posts\/75263","targetHints":{"allow":["GET"]}}],"collection":[{"href":"https:\/\/noticiasveracruz.com\/index.php\/wp-json\/wp\/v2\/posts"}],"about":[{"href":"https:\/\/noticiasveracruz.com\/index.php\/wp-json\/wp\/v2\/types\/post"}],"author":[{"embeddable":true,"href":"https:\/\/noticiasveracruz.com\/index.php\/wp-json\/wp\/v2\/users\/4"}],"replies":[{"embeddable":true,"href":"https:\/\/noticiasveracruz.com\/index.php\/wp-json\/wp\/v2\/comments?post=75263"}],"version-history":[{"count":0,"href":"https:\/\/noticiasveracruz.com\/index.php\/wp-json\/wp\/v2\/posts\/75263\/revisions"}],"wp:featuredmedia":[{"embeddable":true,"href":"https:\/\/noticiasveracruz.com\/index.php\/wp-json\/wp\/v2\/media\/75264"}],"wp:attachment":[{"href":"https:\/\/noticiasveracruz.com\/index.php\/wp-json\/wp\/v2\/media?parent=75263"}],"wp:term":[{"taxonomy":"category","embeddable":true,"href":"https:\/\/noticiasveracruz.com\/index.php\/wp-json\/wp\/v2\/categories?post=75263"},{"taxonomy":"post_tag","embeddable":true,"href":"https:\/\/noticiasveracruz.com\/index.php\/wp-json\/wp\/v2\/tags?post=75263"}],"curies":[{"name":"wp","href":"https:\/\/api.w.org\/{rel}","templated":true}]}}