{"id":75251,"date":"2026-03-13T00:13:35","date_gmt":"2026-03-13T06:13:35","guid":{"rendered":"https:\/\/noticiasveracruz.com\/?p=75251"},"modified":"2026-03-12T22:24:32","modified_gmt":"2026-03-13T04:24:32","slug":"prohiben-celulares-en-escuelas-de-morelos-durante-clases-en-primaria-y-secundaria","status":"publish","type":"post","link":"https:\/\/noticiasveracruz.com\/index.php\/2026\/03\/13\/prohiben-celulares-en-escuelas-de-morelos-durante-clases-en-primaria-y-secundaria\/","title":{"rendered":"Proh\u00edben celulares en escuelas de Morelos durante clases en primaria y secundaria"},"content":{"rendered":"<p class=\"nota-justify\">A partir de hoy, alumnos de primaria y secundaria de escuelas p\u00fablicas y privadas de Morelos no podr\u00e1n usar tel\u00e9fonos celulares ni otros dispositivos electr\u00f3nicos durante las clases, de acuerdo con los lineamientos de la Secretar\u00eda de Educaci\u00f3n P\u00fablica estatal; la medida, dijo, busca garantizar entornos escolares seguros, saludables y propicios para el desarrollo de ni\u00f1os y adolescentes.<\/p>\n<p class=\"nota-justify\">Los lineamientos que regulan el uso de dispositivos m\u00f3viles con el fin de generar entornos digitales seguros en los planteles fueron elaborados por la dependencia y se publicaron ayer\u00a0en el Peri\u00f3dico Oficial Tierra y Libertad.<\/p>\n<p class=\"nota-justify\">Seg\u00fan el documento, queda prohibido el uso de tel\u00e9fonos celulares, tabletas, relojes inteligentes, smartphones y aparatos an\u00e1logos durante el horario de clases.<\/p>\n<p class=\"nota-justify\">La Secretar\u00eda de Educaci\u00f3n argument\u00f3 que, de acuerdo con el art\u00edculo tercero de la Constituci\u00f3n, todas las ni\u00f1as, ni\u00f1os, adolescentes y j\u00f3venes tienen derecho a la educaci\u00f3n y a participar plenamente en los servicios educativos.<\/p>\n<p class=\"nota-justify\">\u201cLos planteles educativos constituyen un espacio fundamental para el proceso de ense\u00f1anza y aprendizaje, y el Estado garantizar\u00e1 que las condiciones del entorno sean id\u00f3neas y contribuyan a los fines de la educaci\u00f3n\u201d, se\u00f1alan los lineamientos.<\/p>\n<p class=\"nota-justify\">Adem\u00e1s, citan estudios de la Organizaci\u00f3n de Naciones Unidas para la Educaci\u00f3n, la Ciencia y la Cultura (Unesco), los cuales refieren que \u201cel uso desmedido de celulares e internet puede afectar el desarrollo cognitivo de los menores y limitar su capacidad de socializar y resolver problemas desde temprana edad\u201d.<\/p>\n<p class=\"nota-justify\">Asimismo, advierte que el uso excesivo de estos dispositivos puede afectar la calidad del sue\u00f1o, la concentraci\u00f3n, la atenci\u00f3n y las interacciones sociales; adem\u00e1s de propiciar una vida sedentaria, obesidad, problemas de salud mental y exposici\u00f3n a ciberdelincuencia.<\/p>\n<p class=\"nota-justify\">De igual forma s\u00f3lo se permitir\u00e1 su utilizaci\u00f3n para emergencias personales o familiares, o si existe una discapacidad transitoria o permanente.<\/p>\n","protected":false},"excerpt":{"rendered":"<p>A partir de hoy, alumnos de primaria y secundaria de escuelas p\u00fablicas y privadas de Morelos no podr\u00e1n usar tel\u00e9fonos<\/p>\n","protected":false},"author":4,"featured_media":75252,"comment_status":"closed","ping_status":"closed","sticky":false,"template":"","format":"standard","meta":{"colormag_page_container_layout":"default_layout","colormag_page_sidebar_layout":"default_layout","_jetpack_memberships_contains_paid_content":false,"footnotes":"","jetpack_publicize_message":"","jetpack_publicize_feature_enabled":true,"jetpack_social_post_already_shared":true,"jetpack_social_options":{"image_generator_settings":{"template":"highway","default_image_id":0,"font":"","enabled":false},"version":2}},"categories":[145],"tags":[],"class_list":["post-75251","post","type-post","status-publish","format-standard","has-post-thumbnail","hentry","category-estados"],"jetpack_publicize_connections":[],"jetpack_featured_media_url":"https:\/\/noticiasveracruz.com\/wp-content\/uploads\/2026\/03\/AOSAMSXIIBFMNEI6PILC3SYMXM.jpg","jetpack_sharing_enabled":true,"publishpress_future_action":{"enabled":false,"date":"2026-05-07 03:12:19","action":"change-status","newStatus":"draft","terms":[],"taxonomy":"category","extraData":[]},"publishpress_future_workflow_manual_trigger":{"enabledWorkflows":[]},"_links":{"self":[{"href":"https:\/\/noticiasveracruz.com\/index.php\/wp-json\/wp\/v2\/posts\/75251","targetHints":{"allow":["GET"]}}],"collection":[{"href":"https:\/\/noticiasveracruz.com\/index.php\/wp-json\/wp\/v2\/posts"}],"about":[{"href":"https:\/\/noticiasveracruz.com\/index.php\/wp-json\/wp\/v2\/types\/post"}],"author":[{"embeddable":true,"href":"https:\/\/noticiasveracruz.com\/index.php\/wp-json\/wp\/v2\/users\/4"}],"replies":[{"embeddable":true,"href":"https:\/\/noticiasveracruz.com\/index.php\/wp-json\/wp\/v2\/comments?post=75251"}],"version-history":[{"count":0,"href":"https:\/\/noticiasveracruz.com\/index.php\/wp-json\/wp\/v2\/posts\/75251\/revisions"}],"wp:featuredmedia":[{"embeddable":true,"href":"https:\/\/noticiasveracruz.com\/index.php\/wp-json\/wp\/v2\/media\/75252"}],"wp:attachment":[{"href":"https:\/\/noticiasveracruz.com\/index.php\/wp-json\/wp\/v2\/media?parent=75251"}],"wp:term":[{"taxonomy":"category","embeddable":true,"href":"https:\/\/noticiasveracruz.com\/index.php\/wp-json\/wp\/v2\/categories?post=75251"},{"taxonomy":"post_tag","embeddable":true,"href":"https:\/\/noticiasveracruz.com\/index.php\/wp-json\/wp\/v2\/tags?post=75251"}],"curies":[{"name":"wp","href":"https:\/\/api.w.org\/{rel}","templated":true}]}}