{"id":75227,"date":"2026-03-13T00:05:49","date_gmt":"2026-03-13T06:05:49","guid":{"rendered":"https:\/\/noticiasveracruz.com\/?p=75227"},"modified":"2026-03-12T22:00:05","modified_gmt":"2026-03-13T04:00:05","slug":"magistrado-de-la-mata-propone-invalidar-uso-de-chats-privados-como-prueba-en-casos-electorales","status":"publish","type":"post","link":"https:\/\/noticiasveracruz.com\/index.php\/2026\/03\/13\/magistrado-de-la-mata-propone-invalidar-uso-de-chats-privados-como-prueba-en-casos-electorales\/","title":{"rendered":"Magistrado De la Mata propone invalidar uso de chats privados como prueba en casos electorales"},"content":{"rendered":"<p class=\"nota-justify\">Las conversaciones privadas no pueden ser tomadas como pruebas l\u00edcitas en juicios electorales, concluye el proyecto de sentencia del magistrado Felipe de la Mata,\u00a0el cual\u00a0ser\u00e1 votado en la pr\u00f3xima sesi\u00f3n de la Sala Superior del Tribunal Electoral del Poder Judicial de la Federaci\u00f3n (TEPJF).<\/p>\n<p class=\"nota-justify\">Este es el segundo proyecto del\u00a0magistrado; en el primero se avalaba el criterio de la Sala Regional Guadalajara\u00a0del TEPJF, en el sentido de\u00a0desechar el recurso interpuesto por la persona denunciada en un caso de presunta violencia pol\u00edtica, al considerar que no hab\u00eda un problema constitucional.<\/p>\n<p class=\"nota-justify\">En este asunto, la prueba central de la denunciante son\u00a0mensajes\u00a0privados\u00a0de WhatsApp.<\/p>\n<p class=\"nota-justify\">Emma Zerme\u00f1o,\u00a0activista dedicada a la promoci\u00f3n de derechos humanos, presuntamente\u00a0descalific\u00f3\u00a0por esa v\u00eda\u00a0a Almendra Negrete,\u00a0diputada local (Morena) en Congreso de Sinaloa;\u00a0las capturas de pantalla de las expresiones fueron difundidas por un tercero, y de ah\u00ed surgi\u00f3 la denuncia.<\/p>\n<p class=\"nota-justify\">En el proyecto\u00a0del magistrado De la Mata\u00a0no se determina si las frases son violentas o no, solo afirma que los chats privados \u201ccarecen de valor probatorio y no pueden ser tomadas en cuenta para determinar la existencia de la violencia pol\u00edtica de g\u00e9nero\u201d.<\/p>\n<p class=\"nota-justify\">Se\u00f1ala adem\u00e1s que\u00a0la Sala Regional no\u00a0acredit\u00f3 quien obtuvo los chats ni la autenticidad de los mismos, es decir, no fue verificada la trazabilidad de los mensajes.<\/p>\n<p class=\"nota-justify\">Para el \u00e1mbito electoral, el derecho a la inviolabilidad de las comunicaciones privadas debe tener par\u00e1metros m\u00e1s estrictos, adem\u00e1s de ahondar en el origen, autenticidad y obtenci\u00f3n l\u00edcito de tales mensajes.<\/p>\n<p class=\"nota-justify\">\u201cAl no haberse acreditado que la actualizaci\u00f3n de la excepci\u00f3n de la inviolabilidad de las comunicaciones privadas, se vulner\u00f3 el derecho de la persona denunciada a su intimidad, ya que los mensajes fueron emitidos con la expectativa de que se encontraba en un \u00e1mbito donde gozaba de privacidad\u201d, se lee en la p\u00e1gina 19 del proyecto.<\/p>\n<p class=\"nota-justify\">De aprobarse el proyecto en la Sala Superior, cuyas sentencias son inapelables, se dejar\u00eda sin efectos la sentencia de la Sala Regional, la cual hab\u00eda revocado la decisi\u00f3n del Tribunal Electoral de Sinaloa, instancia que determin\u00f3 la no existencia de violencia pol\u00edtica en raz\u00f3n de g\u00e9nero.<\/p>\n<p class=\"nota-justify\">La ponencia indica que la excepci\u00f3n prevista en el art\u00edculo 16 constitucional, que permite aportar comunicaciones privadas cuando uno de los participantes las entrega voluntariamente, ha sido desarrollada b\u00e1sicamente en el \u00e1mbito penal, de ah\u00ed que su aplicaci\u00f3n en procedimientos administrativos electorales requiere criterios m\u00e1s estrictos.<\/p>\n","protected":false},"excerpt":{"rendered":"<p>Las conversaciones privadas no pueden ser tomadas como pruebas l\u00edcitas en juicios electorales, concluye el proyecto de sentencia del magistrado<\/p>\n","protected":false},"author":4,"featured_media":75228,"comment_status":"closed","ping_status":"closed","sticky":false,"template":"","format":"standard","meta":{"colormag_page_container_layout":"default_layout","colormag_page_sidebar_layout":"default_layout","_jetpack_memberships_contains_paid_content":false,"footnotes":"","jetpack_publicize_message":"","jetpack_publicize_feature_enabled":true,"jetpack_social_post_already_shared":true,"jetpack_social_options":{"image_generator_settings":{"template":"highway","default_image_id":0,"font":"","enabled":false},"version":2}},"categories":[4],"tags":[],"class_list":["post-75227","post","type-post","status-publish","format-standard","has-post-thumbnail","hentry","category-nacional"],"jetpack_publicize_connections":[],"jetpack_featured_media_url":"https:\/\/noticiasveracruz.com\/wp-content\/uploads\/2026\/03\/MAGISTR.jpg","jetpack_sharing_enabled":true,"publishpress_future_action":{"enabled":false,"date":"2026-05-06 18:28:18","action":"change-status","newStatus":"draft","terms":[],"taxonomy":"category","extraData":[]},"publishpress_future_workflow_manual_trigger":{"enabledWorkflows":[]},"_links":{"self":[{"href":"https:\/\/noticiasveracruz.com\/index.php\/wp-json\/wp\/v2\/posts\/75227","targetHints":{"allow":["GET"]}}],"collection":[{"href":"https:\/\/noticiasveracruz.com\/index.php\/wp-json\/wp\/v2\/posts"}],"about":[{"href":"https:\/\/noticiasveracruz.com\/index.php\/wp-json\/wp\/v2\/types\/post"}],"author":[{"embeddable":true,"href":"https:\/\/noticiasveracruz.com\/index.php\/wp-json\/wp\/v2\/users\/4"}],"replies":[{"embeddable":true,"href":"https:\/\/noticiasveracruz.com\/index.php\/wp-json\/wp\/v2\/comments?post=75227"}],"version-history":[{"count":0,"href":"https:\/\/noticiasveracruz.com\/index.php\/wp-json\/wp\/v2\/posts\/75227\/revisions"}],"wp:featuredmedia":[{"embeddable":true,"href":"https:\/\/noticiasveracruz.com\/index.php\/wp-json\/wp\/v2\/media\/75228"}],"wp:attachment":[{"href":"https:\/\/noticiasveracruz.com\/index.php\/wp-json\/wp\/v2\/media?parent=75227"}],"wp:term":[{"taxonomy":"category","embeddable":true,"href":"https:\/\/noticiasveracruz.com\/index.php\/wp-json\/wp\/v2\/categories?post=75227"},{"taxonomy":"post_tag","embeddable":true,"href":"https:\/\/noticiasveracruz.com\/index.php\/wp-json\/wp\/v2\/tags?post=75227"}],"curies":[{"name":"wp","href":"https:\/\/api.w.org\/{rel}","templated":true}]}}