{"id":75218,"date":"2026-03-13T00:02:02","date_gmt":"2026-03-13T06:02:02","guid":{"rendered":"https:\/\/noticiasveracruz.com\/?p=75218"},"modified":"2026-03-12T21:50:32","modified_gmt":"2026-03-13T03:50:32","slug":"veracruz-da-seguimiento-a-agenda-de-alfabetizacion-en-el-sur-sureste","status":"publish","type":"post","link":"https:\/\/noticiasveracruz.com\/index.php\/2026\/03\/13\/veracruz-da-seguimiento-a-agenda-de-alfabetizacion-en-el-sur-sureste\/","title":{"rendered":"Veracruz da seguimiento a agenda de alfabetizaci\u00f3n en el sur-sureste"},"content":{"rendered":"<p>En Veracruz, reducir el analfabetismo a menos del cuatro por ciento en la poblaci\u00f3n mayor de 15 a\u00f1os es una prioridad del Gobierno del Estado. Como parte de este objetivo, autoridades educativas dieron seguimiento a las acciones de alfabetizaci\u00f3n que se impulsan en la regi\u00f3n sur-sureste del pa\u00eds.<\/p>\n<p>&nbsp;<\/p>\n<p>En este marco, la titular de la Secretar\u00eda de Educaci\u00f3n de Veracruz, Claudia Tello Espinosa, se reuni\u00f3 con el director general del Instituto Nacional para la Educaci\u00f3n de los Adultos, Armando Contreras Castillo, y el secretario de Educaci\u00f3n de Yucat\u00e1n, Juan Enrique Balam V\u00e1rguez.<\/p>\n<p>&nbsp;<\/p>\n<p>Revisaron los avances y retos en la atenci\u00f3n del rezago educativo, as\u00ed como estrategias para fortalecer la alfabetizaci\u00f3n de personas j\u00f3venes y adultas y ampliar la cobertura de los servicios educativos en la regi\u00f3n.<\/p>\n<p>&nbsp;<\/p>\n<p>Asimismo, se acord\u00f3 mantener la coordinaci\u00f3n entre la federaci\u00f3n y los estados para fortalecer las acciones dirigidas a la poblaci\u00f3n que no sabe leer ni escribir.<\/p>\n<p>&nbsp;<\/p>\n<p>Tambi\u00e9n participaron las directoras de los Institutos Estatales de Educaci\u00f3n para los Adultos de Veracruz y Yucat\u00e1n, Claudia Aguilar Reyes y Gladys Ang\u00e9lica Uc Echeverr\u00eda, respectivamente.<\/p>\n","protected":false},"excerpt":{"rendered":"<p>En Veracruz, reducir el analfabetismo a menos del cuatro por ciento en la poblaci\u00f3n mayor de 15 a\u00f1os es una<\/p>\n","protected":false},"author":4,"featured_media":75219,"comment_status":"closed","ping_status":"closed","sticky":false,"template":"","format":"standard","meta":{"colormag_page_container_layout":"default_layout","colormag_page_sidebar_layout":"default_layout","_jetpack_memberships_contains_paid_content":false,"footnotes":"","jetpack_publicize_message":"","jetpack_publicize_feature_enabled":true,"jetpack_social_post_already_shared":true,"jetpack_social_options":{"image_generator_settings":{"template":"highway","default_image_id":0,"font":"","enabled":false},"version":2}},"categories":[356],"tags":[],"class_list":["post-75218","post","type-post","status-publish","format-standard","has-post-thumbnail","hentry","category-veracruz"],"jetpack_publicize_connections":[],"jetpack_featured_media_url":"https:\/\/noticiasveracruz.com\/wp-content\/uploads\/2026\/03\/WhatsApp-Image-2026-03-12-at-08.42.04-2.jpeg","jetpack_sharing_enabled":true,"publishpress_future_action":{"enabled":false,"date":"2026-05-06 16:10:59","action":"change-status","newStatus":"draft","terms":[],"taxonomy":"category","extraData":[]},"publishpress_future_workflow_manual_trigger":{"enabledWorkflows":[]},"_links":{"self":[{"href":"https:\/\/noticiasveracruz.com\/index.php\/wp-json\/wp\/v2\/posts\/75218","targetHints":{"allow":["GET"]}}],"collection":[{"href":"https:\/\/noticiasveracruz.com\/index.php\/wp-json\/wp\/v2\/posts"}],"about":[{"href":"https:\/\/noticiasveracruz.com\/index.php\/wp-json\/wp\/v2\/types\/post"}],"author":[{"embeddable":true,"href":"https:\/\/noticiasveracruz.com\/index.php\/wp-json\/wp\/v2\/users\/4"}],"replies":[{"embeddable":true,"href":"https:\/\/noticiasveracruz.com\/index.php\/wp-json\/wp\/v2\/comments?post=75218"}],"version-history":[{"count":0,"href":"https:\/\/noticiasveracruz.com\/index.php\/wp-json\/wp\/v2\/posts\/75218\/revisions"}],"wp:featuredmedia":[{"embeddable":true,"href":"https:\/\/noticiasveracruz.com\/index.php\/wp-json\/wp\/v2\/media\/75219"}],"wp:attachment":[{"href":"https:\/\/noticiasveracruz.com\/index.php\/wp-json\/wp\/v2\/media?parent=75218"}],"wp:term":[{"taxonomy":"category","embeddable":true,"href":"https:\/\/noticiasveracruz.com\/index.php\/wp-json\/wp\/v2\/categories?post=75218"},{"taxonomy":"post_tag","embeddable":true,"href":"https:\/\/noticiasveracruz.com\/index.php\/wp-json\/wp\/v2\/tags?post=75218"}],"curies":[{"name":"wp","href":"https:\/\/api.w.org\/{rel}","templated":true}]}}