{"id":75215,"date":"2026-03-13T00:01:53","date_gmt":"2026-03-13T06:01:53","guid":{"rendered":"https:\/\/noticiasveracruz.com\/?p=75215"},"modified":"2026-03-12T21:49:26","modified_gmt":"2026-03-13T03:49:26","slug":"capacita-dif-a-procuradores-de-58-municipios-del-norte-de-veracruz","status":"publish","type":"post","link":"https:\/\/noticiasveracruz.com\/index.php\/2026\/03\/13\/capacita-dif-a-procuradores-de-58-municipios-del-norte-de-veracruz\/","title":{"rendered":"Capacita DIF a procuradores de 58 municipios del norte de Veracruz"},"content":{"rendered":"<p>El Sistema Estatal para el Desarrollo Integral de la Familia, a trav\u00e9s de la Procuradur\u00eda Estatal de Protecci\u00f3n de Ni\u00f1as, Ni\u00f1os y Adolescentes, inici\u00f3 en Poza Rica la Capacitaci\u00f3n a Procuradores Municipales, dirigida a representantes de 58 municipios de la zona norte, fortaleciendo las capacidades institucionales para la protecci\u00f3n y restituci\u00f3n de derechos de ni\u00f1as, ni\u00f1os y adolescentes.<\/p>\n<p>&nbsp;<\/p>\n<p>La jornada de formaci\u00f3n refuerza el conocimiento de las y los servidores p\u00fablicos sobre procedimientos administrativos y judiciales, as\u00ed como fortalecer las herramientas para identificar y atender oportunamente situaciones que puedan vulnerar la integridad de la ni\u00f1ez y adolescencia.<\/p>\n<p>&nbsp;<\/p>\n<p>Durante este encuentro regional se promueve adem\u00e1s la coordinaci\u00f3n entre autoridades municipales y estatales, consolidando el trabajo que realizan los sistemas DIF en la protecci\u00f3n integral de este sector de la poblaci\u00f3n.<\/p>\n<p>&nbsp;<\/p>\n<p>El programa contempla seis m\u00f3dulos tem\u00e1ticos enfocados en las principales \u00e1reas de atenci\u00f3n de la PEPNNA, a fin de que las y los participantes conozcan de manera directa las funciones, atribuciones y procedimientos que se implementan para garantizar el respeto y restituci\u00f3n de los derechos de ni\u00f1as, ni\u00f1os y adolescentes.<\/p>\n<p>&nbsp;<\/p>\n","protected":false},"excerpt":{"rendered":"<p>El Sistema Estatal para el Desarrollo Integral de la Familia, a trav\u00e9s de la Procuradur\u00eda Estatal de Protecci\u00f3n de Ni\u00f1as,<\/p>\n","protected":false},"author":4,"featured_media":75216,"comment_status":"closed","ping_status":"closed","sticky":false,"template":"","format":"standard","meta":{"colormag_page_container_layout":"default_layout","colormag_page_sidebar_layout":"default_layout","_jetpack_memberships_contains_paid_content":false,"footnotes":"","jetpack_publicize_message":"","jetpack_publicize_feature_enabled":true,"jetpack_social_post_already_shared":true,"jetpack_social_options":{"image_generator_settings":{"template":"highway","default_image_id":0,"font":"","enabled":false},"version":2}},"categories":[356],"tags":[],"class_list":["post-75215","post","type-post","status-publish","format-standard","has-post-thumbnail","hentry","category-veracruz"],"jetpack_publicize_connections":[],"jetpack_featured_media_url":"https:\/\/noticiasveracruz.com\/wp-content\/uploads\/2026\/03\/WhatsApp-Image-2026-03-12-at-19.33.15.jpeg","jetpack_sharing_enabled":true,"publishpress_future_action":{"enabled":false,"date":"2026-05-06 15:27:46","action":"change-status","newStatus":"draft","terms":[],"taxonomy":"category","extraData":[]},"publishpress_future_workflow_manual_trigger":{"enabledWorkflows":[]},"_links":{"self":[{"href":"https:\/\/noticiasveracruz.com\/index.php\/wp-json\/wp\/v2\/posts\/75215","targetHints":{"allow":["GET"]}}],"collection":[{"href":"https:\/\/noticiasveracruz.com\/index.php\/wp-json\/wp\/v2\/posts"}],"about":[{"href":"https:\/\/noticiasveracruz.com\/index.php\/wp-json\/wp\/v2\/types\/post"}],"author":[{"embeddable":true,"href":"https:\/\/noticiasveracruz.com\/index.php\/wp-json\/wp\/v2\/users\/4"}],"replies":[{"embeddable":true,"href":"https:\/\/noticiasveracruz.com\/index.php\/wp-json\/wp\/v2\/comments?post=75215"}],"version-history":[{"count":0,"href":"https:\/\/noticiasveracruz.com\/index.php\/wp-json\/wp\/v2\/posts\/75215\/revisions"}],"wp:featuredmedia":[{"embeddable":true,"href":"https:\/\/noticiasveracruz.com\/index.php\/wp-json\/wp\/v2\/media\/75216"}],"wp:attachment":[{"href":"https:\/\/noticiasveracruz.com\/index.php\/wp-json\/wp\/v2\/media?parent=75215"}],"wp:term":[{"taxonomy":"category","embeddable":true,"href":"https:\/\/noticiasveracruz.com\/index.php\/wp-json\/wp\/v2\/categories?post=75215"},{"taxonomy":"post_tag","embeddable":true,"href":"https:\/\/noticiasveracruz.com\/index.php\/wp-json\/wp\/v2\/tags?post=75215"}],"curies":[{"name":"wp","href":"https:\/\/api.w.org\/{rel}","templated":true}]}}