{"id":7520,"date":"2022-08-30T11:31:33","date_gmt":"2022-08-30T16:31:33","guid":{"rendered":"https:\/\/noticiasveracruz.com\/?p=7520"},"modified":"2022-08-30T11:31:43","modified_gmt":"2022-08-30T16:31:43","slug":"llegara-gas-natural-a-campeche-firman-convenio-cfe-y-tc-energy","status":"publish","type":"post","link":"https:\/\/noticiasveracruz.com\/index.php\/2022\/08\/30\/llegara-gas-natural-a-campeche-firman-convenio-cfe-y-tc-energy\/","title":{"rendered":"Llegar\u00e1 Gas Natural a Campeche, firman convenio CFE y TC Energy"},"content":{"rendered":"<p class=\"p1\"><span style=\"font-size: 14pt;\"><em><strong>CAMPECHE, CAMPECHE.<\/strong> <\/em>La <strong>CFE Nacional<\/strong> y la empresa<strong> TC Energy<\/strong> firmaron un acuerdo para el <strong>desarrollo de un gasoducto con inversi\u00f3n de 5 mil mdd<\/strong> que traer\u00e1 gas natural a la regi\u00f3n. <\/span><\/p>\n<p class=\"p1\"><span style=\"font-size: 18pt;\"><strong>La gobernadora Layda Sansores San Rom\u00e1n estuvo presente en la firma de la Alianza Estrat\u00e9gica.<\/strong><\/span><\/p>\n<p>&nbsp;<\/p>\n<p><img loading=\"lazy\" decoding=\"async\" class=\"aligncenter wp-image-9486 size-large\" src=\"https:\/\/politicosaldesnudo.com.mx\/wp-content\/uploads\/2022\/08\/P-CAMPECHE-GASNATURAL-1024x573.png\" alt=\"\" width=\"800\" height=\"448\" \/><\/p>\n<p>&nbsp;<\/p>\n<p class=\"p1\"><span style=\"font-size: 18pt;\"><strong>Es la primera vez que CFE se asocia con una empresa transnacional.<span style=\"color: #139eca;\"> Campeche ser\u00e1 la puerta al progreso de la pen\u00ednsula<\/span>.<\/strong><\/span><\/p>\n<p class=\"p1\"><span style=\"font-size: 14pt;\">En este acuerdo, estuvieron presentes Olga S\u00e1nchez Cordero, Fran\u00e7ois Poirier y Miguel Reyes, beneficiar\u00e1 la industrializaci\u00f3n y econom\u00eda de la regi\u00f3n para mejorar la calidad de vida de los ciudadanos. \u00a1Lo felicito, Lic. Manuel Bartlett D\u00edaz!. Escribi\u00f3 Layda Sansores en sus redes sociales.<\/span><\/p>\n<p>&nbsp;<\/p>\n","protected":false},"excerpt":{"rendered":"<p>CAMPECHE, CAMPECHE. La CFE Nacional y la empresa TC Energy firmaron un acuerdo para el desarrollo de un gasoducto con<\/p>\n","protected":false},"author":4,"featured_media":7522,"comment_status":"closed","ping_status":"closed","sticky":false,"template":"","format":"standard","meta":{"colormag_page_container_layout":"default_layout","colormag_page_sidebar_layout":"default_layout","_jetpack_memberships_contains_paid_content":false,"footnotes":"","jetpack_publicize_message":"","jetpack_publicize_feature_enabled":true,"jetpack_social_post_already_shared":false,"jetpack_social_options":{"image_generator_settings":{"template":"highway","default_image_id":0,"font":"","enabled":false},"version":2}},"categories":[145],"tags":[686,940,165,1307],"class_list":["post-7520","post","type-post","status-publish","format-standard","has-post-thumbnail","hentry","category-estados","tag-campeche","tag-cfe","tag-gas-natural","tag-tc-energy"],"jetpack_publicize_connections":[],"jetpack_featured_media_url":"https:\/\/noticiasveracruz.com\/wp-content\/uploads\/2022\/08\/P-GAS-NATURAL-CAMPECHE.png","jetpack_sharing_enabled":true,"publishpress_future_action":{"enabled":false,"date":"2026-05-05 22:02:08","action":"change-status","newStatus":"draft","terms":[],"taxonomy":"category","extraData":[]},"publishpress_future_workflow_manual_trigger":{"enabledWorkflows":[]},"_links":{"self":[{"href":"https:\/\/noticiasveracruz.com\/index.php\/wp-json\/wp\/v2\/posts\/7520","targetHints":{"allow":["GET"]}}],"collection":[{"href":"https:\/\/noticiasveracruz.com\/index.php\/wp-json\/wp\/v2\/posts"}],"about":[{"href":"https:\/\/noticiasveracruz.com\/index.php\/wp-json\/wp\/v2\/types\/post"}],"author":[{"embeddable":true,"href":"https:\/\/noticiasveracruz.com\/index.php\/wp-json\/wp\/v2\/users\/4"}],"replies":[{"embeddable":true,"href":"https:\/\/noticiasveracruz.com\/index.php\/wp-json\/wp\/v2\/comments?post=7520"}],"version-history":[{"count":0,"href":"https:\/\/noticiasveracruz.com\/index.php\/wp-json\/wp\/v2\/posts\/7520\/revisions"}],"wp:featuredmedia":[{"embeddable":true,"href":"https:\/\/noticiasveracruz.com\/index.php\/wp-json\/wp\/v2\/media\/7522"}],"wp:attachment":[{"href":"https:\/\/noticiasveracruz.com\/index.php\/wp-json\/wp\/v2\/media?parent=7520"}],"wp:term":[{"taxonomy":"category","embeddable":true,"href":"https:\/\/noticiasveracruz.com\/index.php\/wp-json\/wp\/v2\/categories?post=7520"},{"taxonomy":"post_tag","embeddable":true,"href":"https:\/\/noticiasveracruz.com\/index.php\/wp-json\/wp\/v2\/tags?post=7520"}],"curies":[{"name":"wp","href":"https:\/\/api.w.org\/{rel}","templated":true}]}}