{"id":75185,"date":"2026-03-11T00:12:25","date_gmt":"2026-03-11T06:12:25","guid":{"rendered":"https:\/\/noticiasveracruz.com\/?p=75185"},"modified":"2026-03-10T23:08:10","modified_gmt":"2026-03-11T05:08:10","slug":"innovafest-busca-vincular-innovacion-con-inversion","status":"publish","type":"post","link":"https:\/\/noticiasveracruz.com\/index.php\/2026\/03\/11\/innovafest-busca-vincular-innovacion-con-inversion\/","title":{"rendered":"InnovaFest busca vincular innovaci\u00f3n con inversi\u00f3n"},"content":{"rendered":"<div id=\"article-content-tts\" class=\"nota-contenido mb-5\">\n<div id=\"content_nitf\">\n<p class=\"nota-justify\" dir=\"ltr\">La Secretar\u00eda de Econom\u00eda present\u00f3 InnovaFest 2026 en su edici\u00f3n Monterrey, una estrategia que busca articular a emprendedores, investigadores, empresas e inversionistas para impulsar proyectos con impacto econ\u00f3mico, social y ambiental.<\/p>\n<p class=\"nota-justify\" dir=\"ltr\">Durante el anuncio, el secretario de Econom\u00eda, Marcelo Ebrard, destac\u00f3 que este tipo de iniciativas ya han comenzado a generar resultados en materia de financiamiento. Se\u00f1al\u00f3 que, a partir de los proyectos presentados en la edici\u00f3n anterior, el sector privado concret\u00f3 inversiones cercanas a 400 millones de d\u00f3lares, principalmente a trav\u00e9s de fondos provenientes de Estados Unidos.<\/p>\n<p class=\"nota-justify\" dir=\"ltr\">El funcionario explic\u00f3 que el objetivo de la estrategia es conectar a distintos actores del ecosistema de innovaci\u00f3n que tradicionalmente operan de forma separada, como la comunidad cient\u00edfica, desarrolladores tecnol\u00f3gicos, inversionistas y dependencias p\u00fablicas. \u201cLo que estamos creando es un ecosistema en donde est\u00e1n conectadas esas comunidades\u201d, se\u00f1al\u00f3.<\/p>\n<p class=\"nota-justify\" dir=\"ltr\">De acuerdo con Ebrard, actualmente participan m\u00e1s de 3 mil 700 personas vinculadas con investigaci\u00f3n y centros de desarrollo, adem\u00e1s de m\u00e1s de 80 fondos de inversi\u00f3n, lo que permite vincular ideas con capital y facilitar que proyectos innovadores se traduzcan en oportunidades dentro del mercado.<\/p>\n<p class=\"nota-justify\" dir=\"ltr\">La responsable de InnovaFest, Cecilia Ba\u00f1uelos Barr\u00f3n, explic\u00f3 que el encuentro busca identificar tanto a quienes requieren apoyo para desarrollar ideas como a quienes est\u00e1n dispuestos a aportar recursos, tiempo o experiencia. Para ello se habilit\u00f3 la plataforma\u00a0<a href=\"http:\/\/innovafest.mx\/\" target=\"_blank\" rel=\"noopener\">innovafest.mx<\/a>, donde los interesados pueden registrarse y formar parte del ecosistema nacional de innovaci\u00f3n.<\/p>\n<p class=\"nota-justify\" dir=\"ltr\">El modelo incluye la emisi\u00f3n del Premio Nacional a la Innovaci\u00f3n 2026, adem\u00e1s de exhibiciones de desarrollos tecnol\u00f3gicos provenientes de universidades, centros de investigaci\u00f3n, empresas, startups y organizaciones civiles. Tambi\u00e9n contempla espacios denominados Mentes en Acci\u00f3n, dise\u00f1ados para vincular a emprendedores con inversionistas.<\/p>\n<p class=\"nota-justify\" dir=\"ltr\">La edici\u00f3n Monterrey se realizar\u00e1 el 29 de mayo y ser\u00e1 la primera de cinco sedes programadas para este a\u00f1o. Posteriormente se llevar\u00e1n a cabo encuentros en Quer\u00e9taro el 21 de agosto, Guadalajara el 25 de septiembre, M\u00e9rida el 6 de noviembre y Morelos el 11 de diciembre, donde se realizar\u00e1 la premiaci\u00f3n nacional.<\/p>\n<p class=\"nota-justify\" dir=\"ltr\">Ebrard se\u00f1al\u00f3 que la convocatoria para participar en el evento de Monterrey permanecer\u00e1 abierta hasta el 11 de mayo, periodo en el que podr\u00e1n registrarse propuestas, proyectos de innovaci\u00f3n o iniciativas de inversi\u00f3n.<\/p>\n<p class=\"nota-justify\" dir=\"ltr\">El secretario tambi\u00e9n subray\u00f3 el crecimiento que ha tenido el programa. Record\u00f3 que en 2024 participaron 179 patentes, dise\u00f1os industriales y modelos de utilidad, convocados por el Instituto Mexicano de la Propiedad Industrial. Para 2025 la participaci\u00f3n aument\u00f3 a 3 mil 700 personas, y para este a\u00f1o se espera superar los 20 mil participantes, entre individuos e instituciones.<\/p>\n<p class=\"nota-justify\" dir=\"ltr\">\u201cSi mantenemos ese ritmo de crecimiento, se podr\u00e1n imaginar el impacto econ\u00f3mico que va a tener\u201d, se\u00f1al\u00f3 el funcionario al referirse al potencial del programa para impulsar proyectos tecnol\u00f3gicos y de innovaci\u00f3n vinculados con inversi\u00f3n privada.<\/p>\n<\/div>\n<\/div>\n<div class=\"notas-relacionadas\"><\/div>\n<div class=\"nota-tags\"><\/div>\n","protected":false},"excerpt":{"rendered":"<p>La Secretar\u00eda de Econom\u00eda present\u00f3 InnovaFest 2026 en su edici\u00f3n Monterrey, una estrategia que busca articular a emprendedores, investigadores, empresas<\/p>\n","protected":false},"author":4,"featured_media":75186,"comment_status":"closed","ping_status":"closed","sticky":false,"template":"","format":"standard","meta":{"colormag_page_container_layout":"default_layout","colormag_page_sidebar_layout":"default_layout","_jetpack_memberships_contains_paid_content":false,"footnotes":"","jetpack_publicize_message":"","jetpack_publicize_feature_enabled":true,"jetpack_social_post_already_shared":true,"jetpack_social_options":{"image_generator_settings":{"template":"highway","default_image_id":0,"font":"","enabled":false},"version":2}},"categories":[1947],"tags":[],"class_list":["post-75185","post","type-post","status-publish","format-standard","has-post-thumbnail","hentry","category-economia"],"jetpack_publicize_connections":[],"jetpack_featured_media_url":"https:\/\/noticiasveracruz.com\/wp-content\/uploads\/2026\/03\/ino.jpg","jetpack_sharing_enabled":true,"publishpress_future_action":{"enabled":false,"date":"2026-05-06 16:24:39","action":"change-status","newStatus":"draft","terms":[],"taxonomy":"category","extraData":[]},"publishpress_future_workflow_manual_trigger":{"enabledWorkflows":[]},"_links":{"self":[{"href":"https:\/\/noticiasveracruz.com\/index.php\/wp-json\/wp\/v2\/posts\/75185","targetHints":{"allow":["GET"]}}],"collection":[{"href":"https:\/\/noticiasveracruz.com\/index.php\/wp-json\/wp\/v2\/posts"}],"about":[{"href":"https:\/\/noticiasveracruz.com\/index.php\/wp-json\/wp\/v2\/types\/post"}],"author":[{"embeddable":true,"href":"https:\/\/noticiasveracruz.com\/index.php\/wp-json\/wp\/v2\/users\/4"}],"replies":[{"embeddable":true,"href":"https:\/\/noticiasveracruz.com\/index.php\/wp-json\/wp\/v2\/comments?post=75185"}],"version-history":[{"count":0,"href":"https:\/\/noticiasveracruz.com\/index.php\/wp-json\/wp\/v2\/posts\/75185\/revisions"}],"wp:featuredmedia":[{"embeddable":true,"href":"https:\/\/noticiasveracruz.com\/index.php\/wp-json\/wp\/v2\/media\/75186"}],"wp:attachment":[{"href":"https:\/\/noticiasveracruz.com\/index.php\/wp-json\/wp\/v2\/media?parent=75185"}],"wp:term":[{"taxonomy":"category","embeddable":true,"href":"https:\/\/noticiasveracruz.com\/index.php\/wp-json\/wp\/v2\/categories?post=75185"},{"taxonomy":"post_tag","embeddable":true,"href":"https:\/\/noticiasveracruz.com\/index.php\/wp-json\/wp\/v2\/tags?post=75185"}],"curies":[{"name":"wp","href":"https:\/\/api.w.org\/{rel}","templated":true}]}}