{"id":75161,"date":"2026-03-11T00:04:57","date_gmt":"2026-03-11T06:04:57","guid":{"rendered":"https:\/\/noticiasveracruz.com\/?p=75161"},"modified":"2026-03-10T22:33:32","modified_gmt":"2026-03-11T04:33:32","slug":"veracruz-reforzara-bienpesca-con-apoyo-estatal-de-4-mil-pesos-para-pescadoras-y-pescadores-rocio-nahle","status":"publish","type":"post","link":"https:\/\/noticiasveracruz.com\/index.php\/2026\/03\/11\/veracruz-reforzara-bienpesca-con-apoyo-estatal-de-4-mil-pesos-para-pescadoras-y-pescadores-rocio-nahle\/","title":{"rendered":"Veracruz reforzar\u00e1 Bienpesca con apoyo estatal de 4 mil pesos para pescadoras y pescadores: Roc\u00edo Nahle"},"content":{"rendered":"<p>La gobernadora Roc\u00edo Nahle Garc\u00eda anunci\u00f3 que, a partir de mayo, el Gobierno de Veracruz otorgar\u00e1, a trav\u00e9s de la Secretar\u00eda de Desarrollo Agropecuario, Rural y Pesca, un apoyo econ\u00f3mico adicional de cuatro mil pesos a pescadores y acuicultores beneficiarios del programa Bienpesca.<\/p>\n<p>&nbsp;<\/p>\n<p>Al encabezar el operativo de entrega de medios de pago en el parque deportivo Miguel Alem\u00e1n Valdez, explic\u00f3 que el incentivo estatal equivale a cerca de la mitad del monto que entrega el programa federal y se dispersar\u00e1 utilizando el mismo padr\u00f3n de Bienestar, lo que permitir\u00e1 garantizar transparencia y facilitar la entrega directa de los recursos.<\/p>\n<p>&nbsp;<\/p>\n<p>\u201cSabemos de su trabajo y de sus complicaciones; nuestra obligaci\u00f3n es apoyarles. A trav\u00e9s de este programa la presidenta Claudia Sheinbaum busca compensar parte de su esfuerzo diario; estoy segura de que sabr\u00e1n aprovechar bien este recurso\u201d, expres\u00f3.<\/p>\n<p>&nbsp;<\/p>\n<p>El delegado de Programas para el Bienestar, Juan Javier G\u00f3mez Cazar\u00edn, inform\u00f3 que este a\u00f1o el programa contempla 24 mil 815 beneficiarios, quienes recibir\u00e1n un apoyo de 8 mil pesos, lo que representa una inversi\u00f3n federal de 198 millones 520 mil pesos en la entidad.<\/p>\n<p>&nbsp;<\/p>\n<p>En el municipio de Alvarado, uno de los principales centros pesqueros del pa\u00eds por su ubicaci\u00f3n en la desembocadura del r\u00edo Papaloapan y frente al Golfo de M\u00e9xico, 5 mil 395 pescadores y pescadoras recibir\u00e1n este apoyo, lo que representa m\u00e1s del 21 por ciento del total estatal y una derrama econ\u00f3mica local de 43 millones 160 mil pesos.<\/p>\n<p>&nbsp;<\/p>\n<p>En este marco, la Gobernadora tambi\u00e9n inform\u00f3 que autoridades estatales y federales trabajan de manera coordinada para atender la presencia de hidrocarburo detectada en playas del sur, particularmente en la zona de Pajapan y Soteapan.<\/p>\n<p>&nbsp;<\/p>\n<p>Explic\u00f3 que, tras las inspecciones realizadas con Petr\u00f3leos Mexicanos, la Secretar\u00eda de Protecci\u00f3n Civil y la Secretar\u00eda de Medio Ambiente y Recursos Naturales, no se ha detectado derrame proveniente de embarcaciones o plataformas petroleras.<\/p>\n<p>&nbsp;<\/p>\n<p>Indic\u00f3 que brigadas realizan labores de limpieza y contenci\u00f3n para retirar el material localizado en la costa, mientras contin\u00faan las investigaciones para determinar su origen.<\/p>\n<p>&nbsp;<\/p>\n<p>El evento cont\u00f3 con la anfitrion\u00eda del presidente municipal de Alvarado, Alberto \u00c1ngel Cobos M\u00e1rquez, y la presencia de la senadora Raquel Bonilla Herrera; del secretario de Desarrollo Agropecuario, Rural y Pesca, Rodrigo Calder\u00f3n Salas; y del delegado de la Comisi\u00f3n Nacional de Acuacultura y Pesca en el estado, Luis Miguel Echeverr\u00eda Reyes.<\/p>\n","protected":false},"excerpt":{"rendered":"<p>La gobernadora Roc\u00edo Nahle Garc\u00eda anunci\u00f3 que, a partir de mayo, el Gobierno de Veracruz otorgar\u00e1, a trav\u00e9s de la<\/p>\n","protected":false},"author":4,"featured_media":75162,"comment_status":"closed","ping_status":"closed","sticky":false,"template":"","format":"standard","meta":{"colormag_page_container_layout":"default_layout","colormag_page_sidebar_layout":"default_layout","_jetpack_memberships_contains_paid_content":false,"footnotes":"","jetpack_publicize_message":"","jetpack_publicize_feature_enabled":true,"jetpack_social_post_already_shared":true,"jetpack_social_options":{"image_generator_settings":{"template":"highway","default_image_id":0,"font":"","enabled":false},"version":2}},"categories":[356],"tags":[],"class_list":["post-75161","post","type-post","status-publish","format-standard","has-post-thumbnail","hentry","category-veracruz"],"jetpack_publicize_connections":[],"jetpack_featured_media_url":"https:\/\/noticiasveracruz.com\/wp-content\/uploads\/2026\/03\/WhatsApp-Image-2026-03-10-at-14.40.12-scaled.jpeg","jetpack_sharing_enabled":true,"publishpress_future_action":{"enabled":false,"date":"2026-05-06 15:00:19","action":"change-status","newStatus":"draft","terms":[],"taxonomy":"category","extraData":[]},"publishpress_future_workflow_manual_trigger":{"enabledWorkflows":[]},"_links":{"self":[{"href":"https:\/\/noticiasveracruz.com\/index.php\/wp-json\/wp\/v2\/posts\/75161","targetHints":{"allow":["GET"]}}],"collection":[{"href":"https:\/\/noticiasveracruz.com\/index.php\/wp-json\/wp\/v2\/posts"}],"about":[{"href":"https:\/\/noticiasveracruz.com\/index.php\/wp-json\/wp\/v2\/types\/post"}],"author":[{"embeddable":true,"href":"https:\/\/noticiasveracruz.com\/index.php\/wp-json\/wp\/v2\/users\/4"}],"replies":[{"embeddable":true,"href":"https:\/\/noticiasveracruz.com\/index.php\/wp-json\/wp\/v2\/comments?post=75161"}],"version-history":[{"count":0,"href":"https:\/\/noticiasveracruz.com\/index.php\/wp-json\/wp\/v2\/posts\/75161\/revisions"}],"wp:featuredmedia":[{"embeddable":true,"href":"https:\/\/noticiasveracruz.com\/index.php\/wp-json\/wp\/v2\/media\/75162"}],"wp:attachment":[{"href":"https:\/\/noticiasveracruz.com\/index.php\/wp-json\/wp\/v2\/media?parent=75161"}],"wp:term":[{"taxonomy":"category","embeddable":true,"href":"https:\/\/noticiasveracruz.com\/index.php\/wp-json\/wp\/v2\/categories?post=75161"},{"taxonomy":"post_tag","embeddable":true,"href":"https:\/\/noticiasveracruz.com\/index.php\/wp-json\/wp\/v2\/tags?post=75161"}],"curies":[{"name":"wp","href":"https:\/\/api.w.org\/{rel}","templated":true}]}}