{"id":75158,"date":"2026-03-11T00:03:57","date_gmt":"2026-03-11T06:03:57","guid":{"rendered":"https:\/\/noticiasveracruz.com\/?p=75158"},"modified":"2026-03-10T22:32:30","modified_gmt":"2026-03-11T04:32:30","slug":"veracruz-destaca-en-crecimiento-industrial-nacional-con-alza-de-4-7","status":"publish","type":"post","link":"https:\/\/noticiasveracruz.com\/index.php\/2026\/03\/11\/veracruz-destaca-en-crecimiento-industrial-nacional-con-alza-de-4-7\/","title":{"rendered":"Veracruz destaca en crecimiento industrial nacional con alza de 4.7 %"},"content":{"rendered":"<p>La actividad industrial de Veracruz registr\u00f3 un crecimiento mensual de 4.7 por ciento en noviembre de 2025, de acuerdo con el Indicador Mensual de la Actividad Industrial por Entidad Federativa (IMAIEF) publicado por el Instituto Nacional de Estad\u00edstica y Geograf\u00eda.<\/p>\n<p>&nbsp;<\/p>\n<p>Con este resultado, la entidad se ubic\u00f3 entre los estados con mayor dinamismo industrial a nivel nacional, junto con Hidalgo y Quintana Roo, lo que confirma el fortalecimiento de la actividad productiva y la recuperaci\u00f3n sostenida del sector industrial veracruzano.<\/p>\n<p>&nbsp;<\/p>\n<p>El IMAIEF es uno de los principales instrumentos estad\u00edsticos para medir el comportamiento de las actividades secundarias en el pa\u00eds, entre ellas la miner\u00eda, la construcci\u00f3n, las industrias manufactureras y la generaci\u00f3n y distribuci\u00f3n de energ\u00eda el\u00e9ctrica, agua y gas, lo que permite evaluar el desempe\u00f1o industrial de cada entidad federativa.<\/p>\n<p>&nbsp;<\/p>\n<p>En Veracruz, el crecimiento industrial se explica por el dinamismo de sectores estrat\u00e9gicos de la econom\u00eda estatal, particularmente las industrias manufactureras, la actividad energ\u00e9tica, la petroqu\u00edmica y la transformaci\u00f3n de alimentos, adem\u00e1s de su plataforma log\u00edstica y portuaria, que facilita la integraci\u00f3n de cadenas productivas y el movimiento de mercanc\u00edas.<\/p>\n<p>&nbsp;<\/p>\n<p>Este desempe\u00f1o se enmarca en la pol\u00edtica econ\u00f3mica impulsada por la gobernadora Roc\u00edo Nahle Garc\u00eda, orientada a fortalecer el desarrollo productivo mediante la atracci\u00f3n de inversiones, el impulso a la industria y la generaci\u00f3n de empleos.<\/p>\n<p>&nbsp;<\/p>\n<p>A trav\u00e9s de la Secretar\u00eda de Desarrollo Econ\u00f3mico y Portuario, el Gobierno del Estado mantiene una estrategia enfocada en consolidar la competitividad de Veracruz mediante el fortalecimiento de su infraestructura log\u00edstica, el desarrollo de cadenas de valor y la coordinaci\u00f3n con el sector empresarial.<\/p>\n","protected":false},"excerpt":{"rendered":"<p>La actividad industrial de Veracruz registr\u00f3 un crecimiento mensual de 4.7 por ciento en noviembre de 2025, de acuerdo con<\/p>\n","protected":false},"author":4,"featured_media":75159,"comment_status":"closed","ping_status":"closed","sticky":false,"template":"","format":"standard","meta":{"colormag_page_container_layout":"default_layout","colormag_page_sidebar_layout":"default_layout","_jetpack_memberships_contains_paid_content":false,"footnotes":"","jetpack_publicize_message":"","jetpack_publicize_feature_enabled":true,"jetpack_social_post_already_shared":true,"jetpack_social_options":{"image_generator_settings":{"template":"highway","default_image_id":0,"font":"","enabled":false},"version":2}},"categories":[356],"tags":[],"class_list":["post-75158","post","type-post","status-publish","format-standard","has-post-thumbnail","hentry","category-veracruz"],"jetpack_publicize_connections":[],"jetpack_featured_media_url":"https:\/\/noticiasveracruz.com\/wp-content\/uploads\/2026\/03\/WhatsApp-Image-2026-03-10-at-14.40.3.jpeg","jetpack_sharing_enabled":true,"publishpress_future_action":{"enabled":false,"date":"2026-05-06 15:03:04","action":"change-status","newStatus":"draft","terms":[],"taxonomy":"category","extraData":[]},"publishpress_future_workflow_manual_trigger":{"enabledWorkflows":[]},"_links":{"self":[{"href":"https:\/\/noticiasveracruz.com\/index.php\/wp-json\/wp\/v2\/posts\/75158","targetHints":{"allow":["GET"]}}],"collection":[{"href":"https:\/\/noticiasveracruz.com\/index.php\/wp-json\/wp\/v2\/posts"}],"about":[{"href":"https:\/\/noticiasveracruz.com\/index.php\/wp-json\/wp\/v2\/types\/post"}],"author":[{"embeddable":true,"href":"https:\/\/noticiasveracruz.com\/index.php\/wp-json\/wp\/v2\/users\/4"}],"replies":[{"embeddable":true,"href":"https:\/\/noticiasveracruz.com\/index.php\/wp-json\/wp\/v2\/comments?post=75158"}],"version-history":[{"count":0,"href":"https:\/\/noticiasveracruz.com\/index.php\/wp-json\/wp\/v2\/posts\/75158\/revisions"}],"wp:featuredmedia":[{"embeddable":true,"href":"https:\/\/noticiasveracruz.com\/index.php\/wp-json\/wp\/v2\/media\/75159"}],"wp:attachment":[{"href":"https:\/\/noticiasveracruz.com\/index.php\/wp-json\/wp\/v2\/media?parent=75158"}],"wp:term":[{"taxonomy":"category","embeddable":true,"href":"https:\/\/noticiasveracruz.com\/index.php\/wp-json\/wp\/v2\/categories?post=75158"},{"taxonomy":"post_tag","embeddable":true,"href":"https:\/\/noticiasveracruz.com\/index.php\/wp-json\/wp\/v2\/tags?post=75158"}],"curies":[{"name":"wp","href":"https:\/\/api.w.org\/{rel}","templated":true}]}}