{"id":7514,"date":"2022-08-30T11:10:54","date_gmt":"2022-08-30T16:10:54","guid":{"rendered":"https:\/\/noticiasveracruz.com\/?p=7514"},"modified":"2022-08-30T11:10:54","modified_gmt":"2022-08-30T16:10:54","slug":"ciep-requiere-mexico-mas-de-12-mmdp-para-recuperar-perdidas-en-aprendizaje","status":"publish","type":"post","link":"https:\/\/noticiasveracruz.com\/index.php\/2022\/08\/30\/ciep-requiere-mexico-mas-de-12-mmdp-para-recuperar-perdidas-en-aprendizaje\/","title":{"rendered":"CIEP: Requiere M\u00e9xico m\u00e1s de 12 mmdp para recuperar p\u00e9rdidas en aprendizaje"},"content":{"rendered":"<p>&nbsp;<\/p>\n<p class=\"p1\"><span style=\"font-size: 18pt;\"><strong>&lt;&lt; Durante el primer semestre de 2022, la SEP ejerci\u00f3 24 mil 927 mdp menos de lo programado para ese periodo &gt;&gt;<\/strong><\/span><\/p>\n<p>&nbsp;<\/p>\n<p class=\"p1\"><span style=\"font-size: 14pt;\"><em><span class=\"s1\"><strong>CIUDAD DE M\u00c9XICO.<\/strong> <\/span><\/em>El regreso a clases implica retos que la Secretar\u00eda de Educaci\u00f3n P\u00fablica (SEP) deber\u00e1 afrontar, tales como la implementaci\u00f3n de estrategias y programas nacionales de recuperaci\u00f3n del aprendizaje para contrarrestar los costos de la pandemia por Covid 19.<\/span><\/p>\n<p class=\"p1\"><span style=\"font-size: 18pt;\"><strong>Aunado a esto, la cobertura educativa cay\u00f3 en todos los niveles: de acuerdo a cifras de la SEP, el Centro de Investigaci\u00f3n Econ\u00f3mica y Presupuestaria, A.C. (CIEP), <span style=\"color: #e42d33;\">estima que al menos un mill\u00f3n 139 mil ni\u00f1as, ni\u00f1os y adolescentes dejaron los estudios de educaci\u00f3n b\u00e1sica.<\/span><\/strong><\/span><\/p>\n<p class=\"p1\"><span style=\"font-size: 14pt;\">El CIEP, en su investigaci\u00f3n \u2018Ciclo escolar 2022 \u2013 2023: Hacia la recuperaci\u00f3n de la p\u00e9rdida de aprendizaje\u2019, cuantifica los requerimientos presupuestarios para recuperar las p\u00e9rdidas de conocimiento y habilidades en el proceso acad\u00e9mico de estudiantes de primarias p\u00fablicas en todo el pa\u00eds.<\/span><\/p>\n<p>&nbsp;<\/p>\n<p><img loading=\"lazy\" decoding=\"async\" class=\"aligncenter wp-image-9479 size-large\" src=\"https:\/\/politicosaldesnudo.com.mx\/wp-content\/uploads\/2022\/08\/P-CIEP-EDUCACIO\u0301N1-1024x573.png\" alt=\"\" width=\"800\" height=\"448\" \/><\/p>\n<p>&nbsp;<\/p>\n<p class=\"p1\"><span style=\"font-size: 18pt;\"><strong>Extender la jornada escolar una hora para implementar programas de recuperaci\u00f3n de las p\u00e9rdidas de aprendizaje, podr\u00eda requerir de al menos <span style=\"color: #e42d33;\">12 mil 677 mdp s\u00f3lo para<span class=\"s2\">\u00a0<\/span>realizar una evaluaci\u00f3n de aprendizajes y para cubrir una hora adicional de salario de los 503 mil docentes <\/span>de primarias p\u00fablicas en el pa\u00eds, durante un a\u00f1o.<\/strong><\/span><\/p>\n<p class=\"p1\"><span style=\"font-size: 14pt;\">Cabe se\u00f1alar que, a junio de 2022, la SEP ejerci\u00f3 24 mil 927 mdp menos de lo programado; los recursos estimados para la recuperaci\u00f3n de aprendizajes representan la mitad de este subejercicio.<\/span><\/p>\n<p class=\"p1\"><span style=\"font-size: 18pt;\"><strong>Por otro lado, el Banco Interamericano de Desarrollo recomienda que el gasto p\u00fablico en educaci\u00f3n sea de entre 4 y 6% del PIB. En M\u00e9xico, este gasto es del 3.1% del PIB en 2022, el nivel m\u00e1s bajo de la \u00faltima d\u00e9cada.<\/strong><\/span><\/p>\n<p class=\"p1\"><span style=\"font-size: 14pt;\">Finalmente, el CIEP precisa que, en un escenario en donde casi 25 millones de estudiantes de educaci\u00f3n b\u00e1sica regresan a las aulas con la implementaci\u00f3n de un nuevo programa de estudios, no se cuenta con una estrategia de recuperaci\u00f3n de aprendizajes, as\u00ed como una pol\u00edtica que aborde la ca\u00edda de la matr\u00edcula escolar y la priorizaci\u00f3n del bienestar psicosocial de las y los alumnos.<\/span><span class=\"s3\"><br \/>\n<\/span><\/p>\n<p>&nbsp;<\/p>\n<p>&nbsp;<\/p>\n","protected":false},"excerpt":{"rendered":"<p>&nbsp; &lt;&lt; Durante el primer semestre de 2022, la SEP ejerci\u00f3 24 mil 927 mdp menos de lo programado para<\/p>\n","protected":false},"author":4,"featured_media":7518,"comment_status":"closed","ping_status":"closed","sticky":false,"template":"","format":"standard","meta":{"colormag_page_container_layout":"default_layout","colormag_page_sidebar_layout":"default_layout","_jetpack_memberships_contains_paid_content":false,"footnotes":"","jetpack_publicize_message":"","jetpack_publicize_feature_enabled":true,"jetpack_social_post_already_shared":false,"jetpack_social_options":{"image_generator_settings":{"template":"highway","default_image_id":0,"font":"","enabled":false},"version":2}},"categories":[4],"tags":[1306,1305,31,1093],"class_list":["post-7514","post","type-post","status-publish","format-standard","has-post-thumbnail","hentry","category-nacional","tag-aprendizaje","tag-ciep","tag-mexico","tag-sep"],"jetpack_publicize_connections":[],"jetpack_featured_media_url":"https:\/\/noticiasveracruz.com\/wp-content\/uploads\/2022\/08\/CIEP-4.png","jetpack_sharing_enabled":true,"publishpress_future_action":{"enabled":false,"date":"2026-05-05 22:14:11","action":"change-status","newStatus":"draft","terms":[],"taxonomy":"category","extraData":[]},"publishpress_future_workflow_manual_trigger":{"enabledWorkflows":[]},"_links":{"self":[{"href":"https:\/\/noticiasveracruz.com\/index.php\/wp-json\/wp\/v2\/posts\/7514","targetHints":{"allow":["GET"]}}],"collection":[{"href":"https:\/\/noticiasveracruz.com\/index.php\/wp-json\/wp\/v2\/posts"}],"about":[{"href":"https:\/\/noticiasveracruz.com\/index.php\/wp-json\/wp\/v2\/types\/post"}],"author":[{"embeddable":true,"href":"https:\/\/noticiasveracruz.com\/index.php\/wp-json\/wp\/v2\/users\/4"}],"replies":[{"embeddable":true,"href":"https:\/\/noticiasveracruz.com\/index.php\/wp-json\/wp\/v2\/comments?post=7514"}],"version-history":[{"count":0,"href":"https:\/\/noticiasveracruz.com\/index.php\/wp-json\/wp\/v2\/posts\/7514\/revisions"}],"wp:featuredmedia":[{"embeddable":true,"href":"https:\/\/noticiasveracruz.com\/index.php\/wp-json\/wp\/v2\/media\/7518"}],"wp:attachment":[{"href":"https:\/\/noticiasveracruz.com\/index.php\/wp-json\/wp\/v2\/media?parent=7514"}],"wp:term":[{"taxonomy":"category","embeddable":true,"href":"https:\/\/noticiasveracruz.com\/index.php\/wp-json\/wp\/v2\/categories?post=7514"},{"taxonomy":"post_tag","embeddable":true,"href":"https:\/\/noticiasveracruz.com\/index.php\/wp-json\/wp\/v2\/tags?post=7514"}],"curies":[{"name":"wp","href":"https:\/\/api.w.org\/{rel}","templated":true}]}}