{"id":7512,"date":"2022-08-30T12:30:35","date_gmt":"2022-08-30T17:30:35","guid":{"rendered":"https:\/\/noticiasveracruz.com\/?p=7512"},"modified":"2022-08-31T05:53:53","modified_gmt":"2022-08-31T10:53:53","slug":"el-festival-de-costa-esmeralda","status":"publish","type":"post","link":"https:\/\/noticiasveracruz.com\/index.php\/2022\/08\/30\/el-festival-de-costa-esmeralda\/","title":{"rendered":"El Festival de Costa Esmeralda"},"content":{"rendered":"<p>&nbsp;<\/p>\n<p>&nbsp;<\/p>\n<p class=\"p1\"><span style=\"font-size: 18pt;\"><strong>&lt;&lt; La costosa publicidad en las televisoras nacionales &gt;&gt;<\/strong><\/span><\/p>\n<p class=\"p1\"><span style=\"font-size: 18pt;\"><strong>&lt;&lt; Que no vaya a salir m\u00e1s caro el caldo que las alb\u00f3ndigas &gt;&gt;<\/strong><\/span><\/p>\n<p class=\"p1\"><span style=\"font-size: 18pt;\"><strong>&lt;&lt; Hay que ponerle el nombre en espa\u00f1ol y no en ingl\u00e9s &gt;&gt;<\/strong><\/span><\/p>\n<p>&nbsp;<\/p>\n<p class=\"p1\"><span style=\"font-size: 18pt;\"><strong>Por Miguel \u00c1ngel Cristiani Gonz\u00e1lez<\/strong><\/span><\/p>\n<p class=\"p1\"><span style=\"font-size: 14pt;\">Este fin de semana se va a realizar lo que se ha llamado el Costa Esmeralda Fest -que en castellano ser\u00eda el \u201cFestival de Costa Esmeralda\u201d- que se le ha dado una extraordinaria difusi\u00f3n y publicidad en medios nacionales y estatales, pero ojal\u00e1 que como dir\u00eda Pancho L\u00f3pez el fil\u00f3sofo xalape\u00f1o, no vaya a salir m\u00e1s caro el caldo que las alb\u00f3ndigas.<\/span><\/p>\n<p class=\"p1\"><span style=\"font-size: 14pt;\">Que bueno que se est\u00e9 anunciando en los principales programas de variedades y espect\u00e1culos de las televisoras nacionales, nosotros los vimos en Ventaneando y en Viva la Alegr\u00eda de tv Azteca, aunque a los que elaboraron los textos se le olvid\u00f3 un peque\u00f1o detalle, mencionar que Tecolutla, se encuentra en el Estado de Veracruz.<\/span><\/p>\n<p class=\"p1\"><span style=\"font-size: 14pt;\">De muy poco servir\u00e1 entonces que se menciona que se van a contar con m\u00e1s de 50 actividades deportivas, musicales, recreativas, culturales, acu\u00e1ticas, de naturaleza, artesanales, gastron\u00f3micas y educativas si no se informa que el municipio de Tecolutla, se encuentra ubicado en las costas del estado de Veracruz.<\/span><\/p>\n<p class=\"p1\"><span style=\"font-size: 14pt;\">Para quienes no sean Veracruzanos, lo hayan visto en Tijuana, Monterrey o Canc\u00fan habr\u00eda que decirles que el festival ser\u00e1 en las playas de Costa Esmeralda en Tecolutla, Veracruz.<\/span><\/p>\n<p class=\"p1\"><span style=\"font-size: 14pt;\">Peque\u00f1o detallito.<\/span><\/p>\n<p class=\"p1\"><span style=\"font-size: 14pt;\">Entonces de nada servir\u00e1 el que se hayan contratado a los medios nacionales, porque al final de cuenta el mensaje no sirve porque no se inform\u00f3 que ser\u00e1 en Veracruz.<\/span><\/p>\n<p class=\"p1\"><span style=\"font-size: 14pt;\">Porque la campa\u00f1a de publicidad en los medios de comunicaci\u00f3n nacionales no son nada baratas, ser\u00eda interesante conocer cu\u00e1nto es lo que se les va a pagar por esas menciones en los programas de variedades y espect\u00e1culos.<\/span><\/p>\n<p class=\"p1\"><span style=\"font-size: 14pt;\">Seg\u00fan ha dicho el secretario de Turismo y Cultura, Iv\u00e1n Francisco Mart\u00ednez Olvera, se espera superar los resultados de 2019, cuando se logr\u00f3 una ocupaci\u00f3n hotelera del 78 por ciento, una derrama econ\u00f3mica de 3 millones de pesos y una afluencia de 17 mil asistentes.<\/span><\/p>\n<p class=\"p1\"><span style=\"font-size: 14pt;\">No vaya a ser que la derrama econ\u00f3mica esperada de 3 millones de pesos, sea menor a lo que se va a pagar por los promocionales del festival playero.<\/span><\/p>\n<p class=\"p1\"><span style=\"font-size: 14pt;\">Porque los artistas que vienen a presentarse en el Festival de Costa Esmeralda en Tecolutla, no son barateros, y la n\u00f3mina de los mismos puede superar tambi\u00e9n a los de la llamada derrama econ\u00f3mica, como son la DJ Shei, el rapero Lng\/SHT, y el grupo de rock Inspector; el 03, estar\u00e1n DJ Uzielito Mix, la agrupaci\u00f3n de indie rock, Divisi\u00f3n Min\u00fascula, y el cantante colombiano de reguet\u00f3n, Manuel Turizo.Que bueno que finalmente se est\u00e9 publicitando los festivales que se realizan en la entidad.<\/span><\/p>\n<p class=\"p1\"><span style=\"font-size: 14pt;\">Aunque hay que ver si por ejemplo, el Festival de la Cumbre Taj\u00edn, creado en la administraci\u00f3n del gobernador Miguel Alem\u00e1n y que ha venido a menos en los \u00faltimos a\u00f1os, precisamente por falta de apoyos, ahora s\u00ed se le va a anunciar como lo hacen con el de Tecolutla.<\/span><\/p>\n<p class=\"p1\"><span style=\"font-size: 14pt;\">Tambi\u00e9n hay que recordar el Festival de Salsa de Boca del R\u00edo, que por ser territorio panista a lo mejor no tiene el mismo apoyo.<\/span><\/p>\n<p class=\"p1\"><span style=\"font-size: 14pt;\">De la m\u00e1xima fiesta del estado de Veracruz, como lo es el carnaval, tampoco se le promovi\u00f3 en las televisoras nacionales.<\/span><\/p>\n<p class=\"p1\"><span style=\"font-size: 14pt;\">Ojal\u00e1 y en las pr\u00f3ximas ediciones del Costa Esmeralda Fest, ya le pongan correctamente el nombre en espa\u00f1ol, como Festival de Costa Esmeralda.<\/span><\/p>\n<p class=\"p1\"><span style=\"font-size: 14pt;\">Porque si se supone que lo que se trata es de difundir y preservar nuestras ra\u00edces y tradiciones veracruzanas, hay que comenzar por llamarlas en nuestro idioma y no agringarlas para hacerlas m\u00e1s fif\u00eds, dir\u00eda ya saben qui\u00e9n.<\/span><\/p>\n<p class=\"p1\"><span style=\"font-size: 14pt;\">Habr\u00e1 que esperar para ver las cr\u00f3nicas y rese\u00f1as que har\u00e1 el pool de prensa, radio y televisi\u00f3n que habr\u00e1n de estar presentes tambi\u00e9n.<\/span><\/p>\n<p class=\"p1\"><span style=\"font-size: 14pt;\">Para que despu\u00e9s no nos vayan a salir los organizadores con el mismo cuento de las cifras alegres, de que hubo un chorrocientosmil visitantes y que se gastaron otro chorromiles de pesos, total nadie va a ir a contar cuantos turistas llegan y cuantos les cuesta.<\/span><\/p>\n<p class=\"p1\"><span style=\"font-size: 14pt;\">Por lo pronto, la fiesta va a estar en grande, este fin de semana en las playas de Tecolutla, all\u00e1 en la hermosa Costa Esmeralda.<\/span><\/p>\n<p>&nbsp;<\/p>\n<p>&nbsp;<\/p>\n<p class=\"p2\"><span style=\"font-size: 18pt;\"><strong>Cont\u00e1ctanos en nuestras redes sociales:<\/strong><\/span><\/p>\n<p class=\"p2\"><span style=\"font-size: 18pt;\"><strong><a href=\"https:\/\/www.canva.com\/design\/DAEN5B9DWgs\/ZCHd2Z8KueYjlg_d59Op3A\/view\">https:\/\/www.canva.com\/design\/DAEN5B9DWgs\/ZCHd2Z8KueYjlg_d59Op3A\/view<\/a><\/strong><\/span><\/p>\n<p>&nbsp;<\/p>\n<p><span style=\"font-size: 18pt; color: #e42d33;\"><em><strong>**Las columnas firmadas en este medio son responsabilidad de quienes las firman**<\/strong><\/em><\/span><\/p>\n<p>&nbsp;<\/p>\n","protected":false},"excerpt":{"rendered":"<p>&nbsp; &nbsp; &lt;&lt; La costosa publicidad en las televisoras nacionales &gt;&gt; &lt;&lt; Que no vaya a salir m\u00e1s caro el<\/p>\n","protected":false},"author":4,"featured_media":3280,"comment_status":"closed","ping_status":"closed","sticky":false,"template":"","format":"standard","meta":{"colormag_page_container_layout":"default_layout","colormag_page_sidebar_layout":"default_layout","_jetpack_memberships_contains_paid_content":false,"footnotes":"","jetpack_publicize_message":"","jetpack_publicize_feature_enabled":true,"jetpack_social_post_already_shared":false,"jetpack_social_options":{"image_generator_settings":{"template":"highway","default_image_id":0,"font":"","enabled":false},"version":2}},"categories":[6],"tags":[],"class_list":["post-7512","post","type-post","status-publish","format-standard","has-post-thumbnail","hentry","category-columnistas"],"jetpack_publicize_connections":[],"jetpack_featured_media_url":"https:\/\/noticiasveracruz.com\/wp-content\/uploads\/2022\/04\/NV-MIGUEL-A\u0301NGEL-CRISTIANI.png","jetpack_sharing_enabled":true,"publishpress_future_action":{"enabled":false,"date":"2026-05-05 21:38:33","action":"change-status","newStatus":"draft","terms":[],"taxonomy":"category","extraData":[]},"publishpress_future_workflow_manual_trigger":{"enabledWorkflows":[]},"_links":{"self":[{"href":"https:\/\/noticiasveracruz.com\/index.php\/wp-json\/wp\/v2\/posts\/7512","targetHints":{"allow":["GET"]}}],"collection":[{"href":"https:\/\/noticiasveracruz.com\/index.php\/wp-json\/wp\/v2\/posts"}],"about":[{"href":"https:\/\/noticiasveracruz.com\/index.php\/wp-json\/wp\/v2\/types\/post"}],"author":[{"embeddable":true,"href":"https:\/\/noticiasveracruz.com\/index.php\/wp-json\/wp\/v2\/users\/4"}],"replies":[{"embeddable":true,"href":"https:\/\/noticiasveracruz.com\/index.php\/wp-json\/wp\/v2\/comments?post=7512"}],"version-history":[{"count":0,"href":"https:\/\/noticiasveracruz.com\/index.php\/wp-json\/wp\/v2\/posts\/7512\/revisions"}],"wp:featuredmedia":[{"embeddable":true,"href":"https:\/\/noticiasveracruz.com\/index.php\/wp-json\/wp\/v2\/media\/3280"}],"wp:attachment":[{"href":"https:\/\/noticiasveracruz.com\/index.php\/wp-json\/wp\/v2\/media?parent=7512"}],"wp:term":[{"taxonomy":"category","embeddable":true,"href":"https:\/\/noticiasveracruz.com\/index.php\/wp-json\/wp\/v2\/categories?post=7512"},{"taxonomy":"post_tag","embeddable":true,"href":"https:\/\/noticiasveracruz.com\/index.php\/wp-json\/wp\/v2\/tags?post=7512"}],"curies":[{"name":"wp","href":"https:\/\/api.w.org\/{rel}","templated":true}]}}