{"id":75101,"date":"2026-03-10T00:04:45","date_gmt":"2026-03-10T06:04:45","guid":{"rendered":"https:\/\/noticiasveracruz.com\/?p=75101"},"modified":"2026-03-09T17:55:09","modified_gmt":"2026-03-09T23:55:09","slug":"pri-recrimina-a-los-que-abandonaron-al-partido-en-su-peor-momento","status":"publish","type":"post","link":"https:\/\/noticiasveracruz.com\/index.php\/2026\/03\/10\/pri-recrimina-a-los-que-abandonaron-al-partido-en-su-peor-momento\/","title":{"rendered":"PRI recrimina a los que abandonaron al partido en su peor momento"},"content":{"rendered":"<p>El secretario de Organizaci\u00f3n del Comit\u00e9 Ejecutivo Nacional del Partido Revolucionario Institucional (PRI), Jorge Meade Ocaranza, cuestion\u00f3 a los militantes que abandonaron sus filas en uno de sus momentos m\u00e1s complejos.<\/p>\n<p>En la celebraci\u00f3n por el 97 aniversario de este instituto pol\u00edtico, destac\u00f3 la lealtad de quienes permanecieron en \u00e9l pese a las derrotas electorales y a los cambios en el escenario pol\u00edtico nacional.<\/p>\n<p>Recrimin\u00f3 que varios actores pol\u00edticos que durante a\u00f1os obtuvieron cargos, candidaturas y beneficios del partido decidieron separarse cuando ya no les favorecieron las decisiones internas. Consider\u00f3 que esas salidas respondieron m\u00e1s a intereses personales. Meade resalt\u00f3 que quienes contin\u00faan en el partido representan su base m\u00e1s s\u00f3lida y comprometida.<\/p>\n","protected":false},"excerpt":{"rendered":"<p>El secretario de Organizaci\u00f3n del Comit\u00e9 Ejecutivo Nacional del Partido Revolucionario Institucional (PRI), Jorge Meade Ocaranza, cuestion\u00f3 a los militantes<\/p>\n","protected":false},"author":4,"featured_media":75102,"comment_status":"closed","ping_status":"closed","sticky":false,"template":"","format":"standard","meta":{"colormag_page_container_layout":"default_layout","colormag_page_sidebar_layout":"default_layout","_jetpack_memberships_contains_paid_content":false,"footnotes":"","jetpack_publicize_message":"","jetpack_publicize_feature_enabled":true,"jetpack_social_post_already_shared":true,"jetpack_social_options":{"image_generator_settings":{"template":"highway","default_image_id":0,"font":"","enabled":false},"version":2}},"categories":[356],"tags":[],"class_list":["post-75101","post","type-post","status-publish","format-standard","has-post-thumbnail","hentry","category-veracruz"],"jetpack_publicize_connections":[],"jetpack_featured_media_url":"https:\/\/noticiasveracruz.com\/wp-content\/uploads\/2026\/03\/ELPRI.jpg","jetpack_sharing_enabled":true,"publishpress_future_action":{"enabled":false,"date":"2026-05-06 18:13:01","action":"change-status","newStatus":"draft","terms":[],"taxonomy":"category","extraData":[]},"publishpress_future_workflow_manual_trigger":{"enabledWorkflows":[]},"_links":{"self":[{"href":"https:\/\/noticiasveracruz.com\/index.php\/wp-json\/wp\/v2\/posts\/75101","targetHints":{"allow":["GET"]}}],"collection":[{"href":"https:\/\/noticiasveracruz.com\/index.php\/wp-json\/wp\/v2\/posts"}],"about":[{"href":"https:\/\/noticiasveracruz.com\/index.php\/wp-json\/wp\/v2\/types\/post"}],"author":[{"embeddable":true,"href":"https:\/\/noticiasveracruz.com\/index.php\/wp-json\/wp\/v2\/users\/4"}],"replies":[{"embeddable":true,"href":"https:\/\/noticiasveracruz.com\/index.php\/wp-json\/wp\/v2\/comments?post=75101"}],"version-history":[{"count":0,"href":"https:\/\/noticiasveracruz.com\/index.php\/wp-json\/wp\/v2\/posts\/75101\/revisions"}],"wp:featuredmedia":[{"embeddable":true,"href":"https:\/\/noticiasveracruz.com\/index.php\/wp-json\/wp\/v2\/media\/75102"}],"wp:attachment":[{"href":"https:\/\/noticiasveracruz.com\/index.php\/wp-json\/wp\/v2\/media?parent=75101"}],"wp:term":[{"taxonomy":"category","embeddable":true,"href":"https:\/\/noticiasveracruz.com\/index.php\/wp-json\/wp\/v2\/categories?post=75101"},{"taxonomy":"post_tag","embeddable":true,"href":"https:\/\/noticiasveracruz.com\/index.php\/wp-json\/wp\/v2\/tags?post=75101"}],"curies":[{"name":"wp","href":"https:\/\/api.w.org\/{rel}","templated":true}]}}