{"id":75098,"date":"2026-03-10T00:03:53","date_gmt":"2026-03-10T06:03:53","guid":{"rendered":"https:\/\/noticiasveracruz.com\/?p=75098"},"modified":"2026-03-09T17:54:20","modified_gmt":"2026-03-09T23:54:20","slug":"obras-en-plaza-lerdo-solo-de-mantenimiento","status":"publish","type":"post","link":"https:\/\/noticiasveracruz.com\/index.php\/2026\/03\/10\/obras-en-plaza-lerdo-solo-de-mantenimiento\/","title":{"rendered":"Obras en plaza Lerdo, s\u00f3lo de mantenimiento"},"content":{"rendered":"<p>El Gobierno de Veracruz conduce trabajos de remodelaci\u00f3n y mantenimiento en la Plaza Lerdo, en el centro de Xalapa, los cuales incluyen pintura, impermeabilizaci\u00f3n, mejoras en iluminaci\u00f3n y renovaci\u00f3n de instalaciones el\u00e9ctricas.<\/p>\n<p>El secretario de Gobierno, Ricardo Ahued Bardahuil, explic\u00f3 que las obras no contemplan modificaciones estructurales, sino acciones de mantenimiento para mejorar la imagen urbana y la seguridad del espacio p\u00fablico.<\/p>\n<p>Tambi\u00e9n se instalar\u00e1 nueva poster\u00eda para mejorar el alumbrado p\u00fablico, ya que actualmente la iluminaci\u00f3n proviene de reflectores que generan molestias a edificios cercanos. El proyecto busca mejorar la visibilidad del centro hist\u00f3rico durante la noche, ya que en algunos horarios hay poca iluminaci\u00f3n.<\/p>\n","protected":false},"excerpt":{"rendered":"<p>El Gobierno de Veracruz conduce trabajos de remodelaci\u00f3n y mantenimiento en la Plaza Lerdo, en el centro de Xalapa, los<\/p>\n","protected":false},"author":4,"featured_media":75099,"comment_status":"closed","ping_status":"closed","sticky":false,"template":"","format":"standard","meta":{"colormag_page_container_layout":"default_layout","colormag_page_sidebar_layout":"default_layout","_jetpack_memberships_contains_paid_content":false,"footnotes":"","jetpack_publicize_message":"","jetpack_publicize_feature_enabled":true,"jetpack_social_post_already_shared":true,"jetpack_social_options":{"image_generator_settings":{"template":"highway","default_image_id":0,"font":"","enabled":false},"version":2}},"categories":[356],"tags":[],"class_list":["post-75098","post","type-post","status-publish","format-standard","has-post-thumbnail","hentry","category-veracruz"],"jetpack_publicize_connections":[],"jetpack_featured_media_url":"https:\/\/noticiasveracruz.com\/wp-content\/uploads\/2026\/03\/OBR.jpg","jetpack_sharing_enabled":true,"publishpress_future_action":{"enabled":false,"date":"2026-05-06 17:41:51","action":"change-status","newStatus":"draft","terms":[],"taxonomy":"category","extraData":[]},"publishpress_future_workflow_manual_trigger":{"enabledWorkflows":[]},"_links":{"self":[{"href":"https:\/\/noticiasveracruz.com\/index.php\/wp-json\/wp\/v2\/posts\/75098","targetHints":{"allow":["GET"]}}],"collection":[{"href":"https:\/\/noticiasveracruz.com\/index.php\/wp-json\/wp\/v2\/posts"}],"about":[{"href":"https:\/\/noticiasveracruz.com\/index.php\/wp-json\/wp\/v2\/types\/post"}],"author":[{"embeddable":true,"href":"https:\/\/noticiasveracruz.com\/index.php\/wp-json\/wp\/v2\/users\/4"}],"replies":[{"embeddable":true,"href":"https:\/\/noticiasveracruz.com\/index.php\/wp-json\/wp\/v2\/comments?post=75098"}],"version-history":[{"count":0,"href":"https:\/\/noticiasveracruz.com\/index.php\/wp-json\/wp\/v2\/posts\/75098\/revisions"}],"wp:featuredmedia":[{"embeddable":true,"href":"https:\/\/noticiasveracruz.com\/index.php\/wp-json\/wp\/v2\/media\/75099"}],"wp:attachment":[{"href":"https:\/\/noticiasveracruz.com\/index.php\/wp-json\/wp\/v2\/media?parent=75098"}],"wp:term":[{"taxonomy":"category","embeddable":true,"href":"https:\/\/noticiasveracruz.com\/index.php\/wp-json\/wp\/v2\/categories?post=75098"},{"taxonomy":"post_tag","embeddable":true,"href":"https:\/\/noticiasveracruz.com\/index.php\/wp-json\/wp\/v2\/tags?post=75098"}],"curies":[{"name":"wp","href":"https:\/\/api.w.org\/{rel}","templated":true}]}}