{"id":75095,"date":"2026-03-10T00:02:59","date_gmt":"2026-03-10T06:02:59","guid":{"rendered":"https:\/\/noticiasveracruz.com\/?p=75095"},"modified":"2026-03-09T17:53:27","modified_gmt":"2026-03-09T23:53:27","slug":"tlalnelhuayocan-proyecta-tener-su-propia-corporacion-de-seguridad-indica-alcaldesa","status":"publish","type":"post","link":"https:\/\/noticiasveracruz.com\/index.php\/2026\/03\/10\/tlalnelhuayocan-proyecta-tener-su-propia-corporacion-de-seguridad-indica-alcaldesa\/","title":{"rendered":"Tlalnelhuayocan proyecta tener su propia corporaci\u00f3n de seguridad, indica alcaldesa"},"content":{"rendered":"<p>El ayuntamiento de Tlalnelhuayocan coordina esfuerzos con el gobierno estatal, a trav\u00e9s de la Secretar\u00eda de Seguridad P\u00fablica (SSP) para garantizar la seguridad en este municipio, adem\u00e1s de que se da seguimiento al proyecto de contar con un cuerpo policiaco propio, del que se carece en estos momentos, manifest\u00f3 la presidenta municipal Arianna \u00c1ngeles Aguirre,<\/p>\n<p>Entrevistada luego de haber recibido un reconocimiento especial por el Organismo Nacional de Mujeres Pri\u00edstas (Onmpri) nacional y la dirigencia estatal del PRI Veracruz por su trayectoria pol\u00edtica, en el marco del 97 aniversario de la fundaci\u00f3n del Partido Revolucionario Institucional, explic\u00f3 que el municipio nunca ha tenido polic\u00eda, pues el servicio de vigilancia se ha tenido por parte de la polic\u00eda estatal.<\/p>\n<p>\u201cYa queremos tener un cuerpo de polic\u00eda propia y estamos en las gestiones. Ya se emiti\u00f3 la convocatoria para efectos de que puedan participar quienes deseen conformar la polic\u00eda municipal y ver, obviamente, personas id\u00f3neas, honestas y de trabajo, para que nos den seguridad en nuestro municipio\u201d, a\u00f1adi\u00f3.<\/p>\n<p>De entrada, dijo que al menos se requieren unos 20 elementos, por lo que se est\u00e1n coordinando con la Secretar\u00eda de Seguridad P\u00fablica (SSP) para lograr este objetivo. \u201cYa estamos en eso y con otras gestiones para brindar tranquilidad a la poblaci\u00f3n de Tlalnelhuayocan.<\/p>\n<p>Del reconocimiento especial de que fue objeto por parte del Organismo Nacional de Mujeres Pri\u00edstas y la dirigencia estatal del PRI Veracruz, dijo que la recibi\u00f3 con la mayor humildad y con el cari\u00f1o de quien sabe que cada paso dado ha sido con total entrega. \u201cMi historia en el partido se escribe caminando, escuchando y construyendo siempre junto a la militancia y la ciudadan\u00eda\u201d, concluy\u00f3.<\/p>\n","protected":false},"excerpt":{"rendered":"<p>El ayuntamiento de Tlalnelhuayocan coordina esfuerzos con el gobierno estatal, a trav\u00e9s de la Secretar\u00eda de Seguridad P\u00fablica (SSP) para<\/p>\n","protected":false},"author":4,"featured_media":75096,"comment_status":"closed","ping_status":"closed","sticky":false,"template":"","format":"standard","meta":{"colormag_page_container_layout":"default_layout","colormag_page_sidebar_layout":"default_layout","_jetpack_memberships_contains_paid_content":false,"footnotes":"","jetpack_publicize_message":"","jetpack_publicize_feature_enabled":true,"jetpack_social_post_already_shared":true,"jetpack_social_options":{"image_generator_settings":{"template":"highway","default_image_id":0,"font":"","enabled":false},"version":2}},"categories":[356],"tags":[],"class_list":["post-75095","post","type-post","status-publish","format-standard","has-post-thumbnail","hentry","category-veracruz"],"jetpack_publicize_connections":[],"jetpack_featured_media_url":"https:\/\/noticiasveracruz.com\/wp-content\/uploads\/2026\/03\/TLAN.jpg","jetpack_sharing_enabled":true,"publishpress_future_action":{"enabled":false,"date":"2026-05-06 16:55:13","action":"change-status","newStatus":"draft","terms":[],"taxonomy":"category","extraData":[]},"publishpress_future_workflow_manual_trigger":{"enabledWorkflows":[]},"_links":{"self":[{"href":"https:\/\/noticiasveracruz.com\/index.php\/wp-json\/wp\/v2\/posts\/75095","targetHints":{"allow":["GET"]}}],"collection":[{"href":"https:\/\/noticiasveracruz.com\/index.php\/wp-json\/wp\/v2\/posts"}],"about":[{"href":"https:\/\/noticiasveracruz.com\/index.php\/wp-json\/wp\/v2\/types\/post"}],"author":[{"embeddable":true,"href":"https:\/\/noticiasveracruz.com\/index.php\/wp-json\/wp\/v2\/users\/4"}],"replies":[{"embeddable":true,"href":"https:\/\/noticiasveracruz.com\/index.php\/wp-json\/wp\/v2\/comments?post=75095"}],"version-history":[{"count":0,"href":"https:\/\/noticiasveracruz.com\/index.php\/wp-json\/wp\/v2\/posts\/75095\/revisions"}],"wp:featuredmedia":[{"embeddable":true,"href":"https:\/\/noticiasveracruz.com\/index.php\/wp-json\/wp\/v2\/media\/75096"}],"wp:attachment":[{"href":"https:\/\/noticiasveracruz.com\/index.php\/wp-json\/wp\/v2\/media?parent=75095"}],"wp:term":[{"taxonomy":"category","embeddable":true,"href":"https:\/\/noticiasveracruz.com\/index.php\/wp-json\/wp\/v2\/categories?post=75095"},{"taxonomy":"post_tag","embeddable":true,"href":"https:\/\/noticiasveracruz.com\/index.php\/wp-json\/wp\/v2\/tags?post=75095"}],"curies":[{"name":"wp","href":"https:\/\/api.w.org\/{rel}","templated":true}]}}