{"id":7501,"date":"2022-08-30T08:17:49","date_gmt":"2022-08-30T13:17:49","guid":{"rendered":"https:\/\/noticiasveracruz.com\/?p=7501"},"modified":"2022-08-31T06:51:22","modified_gmt":"2022-08-31T11:51:22","slug":"alcalde-jose-manuel-pozos-asiste-a-la-instalacion-de-la-comision-permanente-de-contralores-estado-municipios-de-veracruz","status":"publish","type":"post","link":"https:\/\/noticiasveracruz.com\/index.php\/2022\/08\/30\/alcalde-jose-manuel-pozos-asiste-a-la-instalacion-de-la-comision-permanente-de-contralores-estado-municipios-de-veracruz\/","title":{"rendered":"Alcalde Jos\u00e9 Manuel Pozos asiste a la \u201cInstalaci\u00f3n de la Comisi\u00f3n Permanente de Contralores Estado-Municipios de Veracruz\u201d"},"content":{"rendered":"<p class=\"p1\"><span style=\"font-size: 18pt;\"><strong>&lt;&lt; La S\u00edndica Mtra. Beatriz Pi\u00f1a y el Contralor Mart\u00edn Guevara tambi\u00e9n participaron &gt;&gt;<\/strong><\/span><\/p>\n<p>&nbsp;<\/p>\n<p>&nbsp;<\/p>\n<p class=\"p1\"><span style=\"font-size: 14pt;\"><em><strong>TUXPAN, VERACRUZ.\u00a0<\/strong> <\/em>El presidente municipal <strong>Jos\u00e9 Manuel Pozos Castro<\/strong>, acompa\u00f1ado de la s\u00edndica Mtra. <strong>Beatriz Pi\u00f1a Vergara<\/strong> y el contralor <strong>Mart\u00edn Guevara Ramos<\/strong> asistieron a la <span style=\"color: #e42d33;\"><strong>\u201cInstalaci\u00f3n de la Comisi\u00f3n Permanente de Contralores Estado-Municipios de Veracruz\u201d<\/strong><\/span>, que se llev\u00f3 a cabo en el WTC, en Boca del R\u00edo.<\/span><\/p>\n<p>&nbsp;<\/p>\n<p><img loading=\"lazy\" decoding=\"async\" class=\"aligncenter wp-image-9466 size-large\" src=\"https:\/\/politicosaldesnudo.com.mx\/wp-content\/uploads\/2022\/08\/P-TUXPAN-CONTROLADORES-1-1024x573.png\" alt=\"\" width=\"800\" height=\"448\" \/><\/p>\n<p class=\"p1\"><span style=\"font-size: 18pt;\"><strong>En este evento estuvo presente el gobernador Ing. Cuitl\u00e1huac Garc\u00eda Jim\u00e9nez; la Ing. Mercedes Santoyo Dom\u00ednguez, Contralora General del Estado; el CP. Eduardo Gurza Curiel, titular de la Unidad de Auditor\u00eda y Contrataciones P\u00fablicas, encargado de despacho de la Subsecretar\u00eda de Fiscalizaci\u00f3n y Combate a la corrupci\u00f3n de la Secretar\u00eda de la Funci\u00f3n P\u00fablica; y el Mtro. Emilio Barriga Delgado, auditor especial del gasto federalizado en la ASF.<\/strong><\/span><\/p>\n<p>&nbsp;<\/p>\n<p><img loading=\"lazy\" decoding=\"async\" class=\"aligncenter wp-image-9468 size-large\" src=\"https:\/\/politicosaldesnudo.com.mx\/wp-content\/uploads\/2022\/08\/P-TUXPAN-CONTROLADORES-3-1024x573.png\" alt=\"\" width=\"800\" height=\"448\" \/><\/p>\n<p>&nbsp;<\/p>\n<p class=\"p1\"><span style=\"font-size: 18pt;\"><strong>El presidente Pozos Castro destac\u00f3 que como funcionarios tienen el deber de promover la \u00e9tica p\u00fablica en el ejercicio de los recursos, la honestidad en el servicio, la eficacia de la gesti\u00f3n y la buena marcha gubernamental.<\/strong><\/span><\/p>\n<p>&nbsp;<\/p>\n<p><img loading=\"lazy\" decoding=\"async\" class=\"aligncenter wp-image-9469 size-large\" src=\"https:\/\/politicosaldesnudo.com.mx\/wp-content\/uploads\/2022\/08\/P-TUXPAN-CONTROLADORES-4-1024x573.png\" alt=\"\" width=\"800\" height=\"448\" \/><\/p>\n<p>&nbsp;<\/p>\n<p class=\"p1\"><span style=\"font-size: 18pt;\"><strong>Despu\u00e9s de la ceremonia protocolaria de instalaci\u00f3n, el Alcalde, la S\u00edndica y el Contralor participaron en la Asamblea Ordinaria de la Comisi\u00f3n Permanente de Contralores Estado-Municipios<\/strong><\/span><\/p>\n<p>&nbsp;<\/p>\n<p><img loading=\"lazy\" decoding=\"async\" class=\"aligncenter wp-image-9467 size-large\" src=\"https:\/\/politicosaldesnudo.com.mx\/wp-content\/uploads\/2022\/08\/P-TUXPAN-CONTROLADORES-2-1024x573.png\" alt=\"\" width=\"800\" height=\"448\" \/><\/p>\n<p>&nbsp;<\/p>\n<p>&nbsp;<\/p>\n<p>&nbsp;<\/p>\n","protected":false},"excerpt":{"rendered":"<p>&lt;&lt; La S\u00edndica Mtra. Beatriz Pi\u00f1a y el Contralor Mart\u00edn Guevara tambi\u00e9n participaron &gt;&gt; &nbsp; &nbsp; TUXPAN, VERACRUZ.\u00a0 El presidente<\/p>\n","protected":false},"author":4,"featured_media":7506,"comment_status":"closed","ping_status":"closed","sticky":false,"template":"","format":"standard","meta":{"colormag_page_container_layout":"default_layout","colormag_page_sidebar_layout":"default_layout","_jetpack_memberships_contains_paid_content":false,"footnotes":"","jetpack_publicize_message":"","jetpack_publicize_feature_enabled":true,"jetpack_social_post_already_shared":false,"jetpack_social_options":{"image_generator_settings":{"template":"highway","default_image_id":0,"font":"","enabled":false},"version":2}},"categories":[356],"tags":[1241,1304,701,72,73],"class_list":["post-7501","post","type-post","status-publish","format-standard","has-post-thumbnail","hentry","category-veracruz","tag-beatriz-pina","tag-contralores","tag-jose-manuel-pozos","tag-tuxpan","tag-veracruz"],"jetpack_publicize_connections":[],"jetpack_featured_media_url":"https:\/\/noticiasveracruz.com\/wp-content\/uploads\/2022\/08\/P-TUXPAN-CONTROLADORES-5.png","jetpack_sharing_enabled":true,"publishpress_future_action":{"enabled":false,"date":"2026-05-05 22:25:34","action":"change-status","newStatus":"draft","terms":[],"taxonomy":"category","extraData":[]},"publishpress_future_workflow_manual_trigger":{"enabledWorkflows":[]},"_links":{"self":[{"href":"https:\/\/noticiasveracruz.com\/index.php\/wp-json\/wp\/v2\/posts\/7501","targetHints":{"allow":["GET"]}}],"collection":[{"href":"https:\/\/noticiasveracruz.com\/index.php\/wp-json\/wp\/v2\/posts"}],"about":[{"href":"https:\/\/noticiasveracruz.com\/index.php\/wp-json\/wp\/v2\/types\/post"}],"author":[{"embeddable":true,"href":"https:\/\/noticiasveracruz.com\/index.php\/wp-json\/wp\/v2\/users\/4"}],"replies":[{"embeddable":true,"href":"https:\/\/noticiasveracruz.com\/index.php\/wp-json\/wp\/v2\/comments?post=7501"}],"version-history":[{"count":0,"href":"https:\/\/noticiasveracruz.com\/index.php\/wp-json\/wp\/v2\/posts\/7501\/revisions"}],"wp:featuredmedia":[{"embeddable":true,"href":"https:\/\/noticiasveracruz.com\/index.php\/wp-json\/wp\/v2\/media\/7506"}],"wp:attachment":[{"href":"https:\/\/noticiasveracruz.com\/index.php\/wp-json\/wp\/v2\/media?parent=7501"}],"wp:term":[{"taxonomy":"category","embeddable":true,"href":"https:\/\/noticiasveracruz.com\/index.php\/wp-json\/wp\/v2\/categories?post=7501"},{"taxonomy":"post_tag","embeddable":true,"href":"https:\/\/noticiasveracruz.com\/index.php\/wp-json\/wp\/v2\/tags?post=7501"}],"curies":[{"name":"wp","href":"https:\/\/api.w.org\/{rel}","templated":true}]}}