{"id":75009,"date":"2026-03-09T00:03:49","date_gmt":"2026-03-09T06:03:49","guid":{"rendered":"https:\/\/noticiasveracruz.com\/?p=75009"},"modified":"2026-03-08T23:14:16","modified_gmt":"2026-03-09T05:14:16","slug":"aporta-sev-material-didactico-a-mas-de-400-alumnos-de-13-ceresos-de-veracruz","status":"publish","type":"post","link":"https:\/\/noticiasveracruz.com\/index.php\/2026\/03\/09\/aporta-sev-material-didactico-a-mas-de-400-alumnos-de-13-ceresos-de-veracruz\/","title":{"rendered":"Aporta SEV material did\u00e1ctico a m\u00e1s de 400 alumnos de 13 Ceresos de Veracruz"},"content":{"rendered":"<p>La Secretar\u00eda de Educaci\u00f3n de Veracruz (SEV), a trav\u00e9s de la Direcci\u00f3n General de Telebachillerato, entreg\u00f3 material acad\u00e9mico a la Direcci\u00f3n General de Reinserci\u00f3n Social, como parte de las acciones de fortalecimiento educativo y apoyo a programas de reinserci\u00f3n social.<\/p>\n<p>&nbsp;<\/p>\n<p>La donaci\u00f3n consisti\u00f3 en 2 mil 529 gu\u00edas did\u00e1cticas, correspondientes a los mapas curriculares del 2014 y 2018, con lo que se benefici\u00f3 a m\u00e1s de 400 alumnos de 13 centros de reinserci\u00f3n social del estado.<\/p>\n<p>&nbsp;<\/p>\n<p>El director general de Telebachillerato, Irving Ilhuicamina Mendoza Ruiz, entreg\u00f3 los contenidos educativos al subdirector de Reinserci\u00f3n Social, Jos\u00e9 Marcos Ordaz, reiterando el compromiso de fortalecer la educaci\u00f3n en contextos de reinserci\u00f3n social, al promover el acceso equitativo a recursos did\u00e1cticos alineados a los mapas curriculares vigentes.<\/p>\n<p>&nbsp;<\/p>\n<p>Asimismo, destac\u00f3 la importancia de la educaci\u00f3n como herramienta fundamental para el desarrollo integral y la generaci\u00f3n de oportunidades en cualquier espacio.<\/p>\n","protected":false},"excerpt":{"rendered":"<p>La Secretar\u00eda de Educaci\u00f3n de Veracruz (SEV), a trav\u00e9s de la Direcci\u00f3n General de Telebachillerato, entreg\u00f3 material acad\u00e9mico a la<\/p>\n","protected":false},"author":4,"featured_media":75010,"comment_status":"closed","ping_status":"closed","sticky":false,"template":"","format":"standard","meta":{"colormag_page_container_layout":"default_layout","colormag_page_sidebar_layout":"default_layout","_jetpack_memberships_contains_paid_content":false,"footnotes":"","jetpack_publicize_message":"","jetpack_publicize_feature_enabled":true,"jetpack_social_post_already_shared":true,"jetpack_social_options":{"image_generator_settings":{"template":"highway","default_image_id":0,"font":"","enabled":false},"version":2}},"categories":[356],"tags":[],"class_list":["post-75009","post","type-post","status-publish","format-standard","has-post-thumbnail","hentry","category-veracruz"],"jetpack_publicize_connections":[],"jetpack_featured_media_url":"https:\/\/noticiasveracruz.com\/wp-content\/uploads\/2026\/03\/WhatsApp-Image-2026-03-08-at-15.28.50-copia.jpeg","jetpack_sharing_enabled":true,"publishpress_future_action":{"enabled":false,"date":"2026-05-06 23:17:29","action":"change-status","newStatus":"draft","terms":[],"taxonomy":"category","extraData":[]},"publishpress_future_workflow_manual_trigger":{"enabledWorkflows":[]},"_links":{"self":[{"href":"https:\/\/noticiasveracruz.com\/index.php\/wp-json\/wp\/v2\/posts\/75009","targetHints":{"allow":["GET"]}}],"collection":[{"href":"https:\/\/noticiasveracruz.com\/index.php\/wp-json\/wp\/v2\/posts"}],"about":[{"href":"https:\/\/noticiasveracruz.com\/index.php\/wp-json\/wp\/v2\/types\/post"}],"author":[{"embeddable":true,"href":"https:\/\/noticiasveracruz.com\/index.php\/wp-json\/wp\/v2\/users\/4"}],"replies":[{"embeddable":true,"href":"https:\/\/noticiasveracruz.com\/index.php\/wp-json\/wp\/v2\/comments?post=75009"}],"version-history":[{"count":0,"href":"https:\/\/noticiasveracruz.com\/index.php\/wp-json\/wp\/v2\/posts\/75009\/revisions"}],"wp:featuredmedia":[{"embeddable":true,"href":"https:\/\/noticiasveracruz.com\/index.php\/wp-json\/wp\/v2\/media\/75010"}],"wp:attachment":[{"href":"https:\/\/noticiasveracruz.com\/index.php\/wp-json\/wp\/v2\/media?parent=75009"}],"wp:term":[{"taxonomy":"category","embeddable":true,"href":"https:\/\/noticiasveracruz.com\/index.php\/wp-json\/wp\/v2\/categories?post=75009"},{"taxonomy":"post_tag","embeddable":true,"href":"https:\/\/noticiasveracruz.com\/index.php\/wp-json\/wp\/v2\/tags?post=75009"}],"curies":[{"name":"wp","href":"https:\/\/api.w.org\/{rel}","templated":true}]}}