{"id":75006,"date":"2026-03-09T00:02:35","date_gmt":"2026-03-09T06:02:35","guid":{"rendered":"https:\/\/noticiasveracruz.com\/?p=75006"},"modified":"2026-03-08T23:13:01","modified_gmt":"2026-03-09T05:13:01","slug":"presentan-campana-ahorra-severacruz-eficiencia-energetica","status":"publish","type":"post","link":"https:\/\/noticiasveracruz.com\/index.php\/2026\/03\/09\/presentan-campana-ahorra-severacruz-eficiencia-energetica\/","title":{"rendered":"Presentan campa\u00f1a Ahorra SEVeracruz, Eficiencia Energ\u00e9tica"},"content":{"rendered":"<p>La Secretar\u00eda de Educaci\u00f3n de Veracruz (SEV) y la Agencia Estatal de Energ\u00eda, anunciaron la campa\u00f1a Ahorra SEVeracruz, Eficiencia Energ\u00e9tica, con la finalidad de promover la cultura del ahorro de energ\u00eda en todas las oficinas de la dependencia educativa y escuelas, a cambio liberar recursos para el fortalecimiento acad\u00e9mico.<\/p>\n<p>&nbsp;<\/p>\n<p>La campa\u00f1a se aplicar\u00e1 con base al programa de calendarizaci\u00f3n: entre abril y mayo se desarrollar\u00e1n los procesos de formaci\u00f3n; en junio, se implementar\u00e1 en la dependencia y en agosto llegar\u00e1 a todos los planteles con el nuevo ciclo escolar.<\/p>\n<p>&nbsp;<\/p>\n<p>En el marco del D\u00eda Mundial de la Eficiencia Energ\u00e9tica, la titular de la SEV, Claudia Tello Espinosa, se\u00f1al\u00f3 que no solo se trata de apagar focos o equipos, sino de transformar h\u00e1bitos, actitudes y formas de gesti\u00f3n.<\/p>\n<p>&nbsp;<\/p>\n<p>El primer objetivo es consolidar a la dependencia como entidad responsable y sustentable; segundo, reducir progresivamente el consumo el\u00e9ctrico mediante h\u00e1bitos cotidianos y mejoras t\u00e9cnicas que optimicen el uso de la energ\u00eda.<\/p>\n<p>&nbsp;<\/p>\n<p>Tercero, disminuir costos operativos para obtener recursos que se destinen al fortalecimiento acad\u00e9mico, y cuarto, mejorar las condiciones laborales y escolares, generando espacios m\u00e1s confortables, eficientes, adecuados para el aprendizaje y el trabajo.<\/p>\n<p>&nbsp;<\/p>\n<p>El director general de la Agencia Estatal de Energ\u00eda de Veracruz, Carlos Andr\u00e9s Morales Mar, enfatiz\u00f3 que la iniciativa representa un paso significativo que busca sensibilizar a la comunidad sobre la importancia de adoptar pr\u00e1cticas que favorezcan el ahorro energ\u00e9tico, la eficiencia operativa de las instalaciones y el cuidado del medio ambiente.<\/p>\n<p>&nbsp;<\/p>\n<p>La campa\u00f1a est\u00e1 basada en tres ejes estrat\u00e9gicos: la formaci\u00f3n en sustentabilidad energ\u00e9tica, el cambio tecnol\u00f3gico y modernizaci\u00f3n de infraestructura, y por \u00faltimo, en la participaci\u00f3n y corresponsabilidad social. Como todo proceso, llevar\u00e1 una l\u00ednea de seguimiento y evaluaci\u00f3n para conocer los alcances y resultados.<\/p>\n","protected":false},"excerpt":{"rendered":"<p>La Secretar\u00eda de Educaci\u00f3n de Veracruz (SEV) y la Agencia Estatal de Energ\u00eda, anunciaron la campa\u00f1a Ahorra SEVeracruz, Eficiencia Energ\u00e9tica,<\/p>\n","protected":false},"author":4,"featured_media":75007,"comment_status":"closed","ping_status":"closed","sticky":false,"template":"","format":"standard","meta":{"colormag_page_container_layout":"default_layout","colormag_page_sidebar_layout":"default_layout","_jetpack_memberships_contains_paid_content":false,"footnotes":"","jetpack_publicize_message":"","jetpack_publicize_feature_enabled":true,"jetpack_social_post_already_shared":true,"jetpack_social_options":{"image_generator_settings":{"template":"highway","default_image_id":0,"font":"","enabled":false},"version":2}},"categories":[356],"tags":[],"class_list":["post-75006","post","type-post","status-publish","format-standard","has-post-thumbnail","hentry","category-veracruz"],"jetpack_publicize_connections":[],"jetpack_featured_media_url":"https:\/\/noticiasveracruz.com\/wp-content\/uploads\/2026\/03\/WhatsApp-Image-2026-03-08-at-15.28.50.jpeg","jetpack_sharing_enabled":true,"publishpress_future_action":{"enabled":false,"date":"2026-05-07 00:07:05","action":"change-status","newStatus":"draft","terms":[],"taxonomy":"category","extraData":[]},"publishpress_future_workflow_manual_trigger":{"enabledWorkflows":[]},"_links":{"self":[{"href":"https:\/\/noticiasveracruz.com\/index.php\/wp-json\/wp\/v2\/posts\/75006","targetHints":{"allow":["GET"]}}],"collection":[{"href":"https:\/\/noticiasveracruz.com\/index.php\/wp-json\/wp\/v2\/posts"}],"about":[{"href":"https:\/\/noticiasveracruz.com\/index.php\/wp-json\/wp\/v2\/types\/post"}],"author":[{"embeddable":true,"href":"https:\/\/noticiasveracruz.com\/index.php\/wp-json\/wp\/v2\/users\/4"}],"replies":[{"embeddable":true,"href":"https:\/\/noticiasveracruz.com\/index.php\/wp-json\/wp\/v2\/comments?post=75006"}],"version-history":[{"count":0,"href":"https:\/\/noticiasveracruz.com\/index.php\/wp-json\/wp\/v2\/posts\/75006\/revisions"}],"wp:featuredmedia":[{"embeddable":true,"href":"https:\/\/noticiasveracruz.com\/index.php\/wp-json\/wp\/v2\/media\/75007"}],"wp:attachment":[{"href":"https:\/\/noticiasveracruz.com\/index.php\/wp-json\/wp\/v2\/media?parent=75006"}],"wp:term":[{"taxonomy":"category","embeddable":true,"href":"https:\/\/noticiasveracruz.com\/index.php\/wp-json\/wp\/v2\/categories?post=75006"},{"taxonomy":"post_tag","embeddable":true,"href":"https:\/\/noticiasveracruz.com\/index.php\/wp-json\/wp\/v2\/tags?post=75006"}],"curies":[{"name":"wp","href":"https:\/\/api.w.org\/{rel}","templated":true}]}}