{"id":75003,"date":"2026-03-09T00:01:38","date_gmt":"2026-03-09T06:01:38","guid":{"rendered":"https:\/\/noticiasveracruz.com\/?p=75003"},"modified":"2026-03-08T23:12:04","modified_gmt":"2026-03-09T05:12:04","slug":"cumple-sev-normatividad-con-la-entrega-de-872-ordenes-de-presentacion","status":"publish","type":"post","link":"https:\/\/noticiasveracruz.com\/index.php\/2026\/03\/09\/cumple-sev-normatividad-con-la-entrega-de-872-ordenes-de-presentacion\/","title":{"rendered":"Cumple SEV normatividad con la entrega de 872 \u00f3rdenes de presentaci\u00f3n"},"content":{"rendered":"<p>Con base en la normatividad vigente, la Secretar\u00eda de Educaci\u00f3n de Veracruz (SEV) entreg\u00f3 872 \u00f3rdenes de presentaci\u00f3n a maestras y maestros del sistema federal de educaci\u00f3n b\u00e1sica, correspondiente al ciclo escolar 2025-2026.<\/p>\n<p>&nbsp;<\/p>\n<p>En orden y transparencia, el proceso se realiz\u00f3 a trav\u00e9s de la Oficial\u00eda Mayor y la Direcci\u00f3n de Recursos Humanos, en coordinaci\u00f3n con la Unidad del Sistema para la Carrera de las Maestras y los Maestros (USICAMM), conforme al perfil acad\u00e9mico y a la funci\u00f3n que desempe\u00f1a el personal en educaci\u00f3n especial, en secundarias t\u00e9cnicas y generales.<\/p>\n<p>&nbsp;<\/p>\n<p>Al felicitar a las y los maestros que recibieron el documento que les otorga certeza laboral, la titular de la SEV, Claudia Tello Espinosa, destac\u00f3 el trabajo conjunto que realizan la presidenta Claudia Sheinbaum Pardo y la gobernadora Roc\u00edo Nahle Garc\u00eda, en favor del sector educativo, teniendo como prioridad que la ni\u00f1ez reciba una educaci\u00f3n de excelencia.<\/p>\n<p>&nbsp;<\/p>\n<p>Por consiguiente, dijo, la SEV busca las mejores condiciones laborales para el gremio magisterial, de ah\u00ed la importancia del decreto presidencial puesto en marcha el a\u00f1o pasado para transparentar y agilizar los cambios de centro de trabajo, tomando en cuenta la antig\u00fcedad en el servicio para acercar a las y los docentes a sus lugares de origen.<\/p>\n<p>&nbsp;<\/p>\n<p>Asimismo, resalt\u00f3 el apoyo de la Gobernadora a las escuelas de educaci\u00f3n b\u00e1sica, al dotarlas de mobiliario y material de mantenimiento, as\u00ed como pantallas a telesecundarias. Para concluir, la servidora p\u00fablica reafirm\u00f3 su compromiso con el gremio magisterial, a fin de que cuente con las mejores condiciones.<\/p>\n","protected":false},"excerpt":{"rendered":"<p>Con base en la normatividad vigente, la Secretar\u00eda de Educaci\u00f3n de Veracruz (SEV) entreg\u00f3 872 \u00f3rdenes de presentaci\u00f3n a maestras<\/p>\n","protected":false},"author":4,"featured_media":75004,"comment_status":"closed","ping_status":"closed","sticky":false,"template":"","format":"standard","meta":{"colormag_page_container_layout":"default_layout","colormag_page_sidebar_layout":"default_layout","_jetpack_memberships_contains_paid_content":false,"footnotes":"","jetpack_publicize_message":"","jetpack_publicize_feature_enabled":true,"jetpack_social_post_already_shared":true,"jetpack_social_options":{"image_generator_settings":{"template":"highway","default_image_id":0,"font":"","enabled":false},"version":2}},"categories":[356],"tags":[],"class_list":["post-75003","post","type-post","status-publish","format-standard","has-post-thumbnail","hentry","category-veracruz"],"jetpack_publicize_connections":[],"jetpack_featured_media_url":"https:\/\/noticiasveracruz.com\/wp-content\/uploads\/2026\/03\/WhatsApp-Image-2026-03-08-at-15.28.49.jpeg","jetpack_sharing_enabled":true,"publishpress_future_action":{"enabled":false,"date":"2026-05-07 00:48:20","action":"change-status","newStatus":"draft","terms":[],"taxonomy":"category","extraData":[]},"publishpress_future_workflow_manual_trigger":{"enabledWorkflows":[]},"_links":{"self":[{"href":"https:\/\/noticiasveracruz.com\/index.php\/wp-json\/wp\/v2\/posts\/75003","targetHints":{"allow":["GET"]}}],"collection":[{"href":"https:\/\/noticiasveracruz.com\/index.php\/wp-json\/wp\/v2\/posts"}],"about":[{"href":"https:\/\/noticiasveracruz.com\/index.php\/wp-json\/wp\/v2\/types\/post"}],"author":[{"embeddable":true,"href":"https:\/\/noticiasveracruz.com\/index.php\/wp-json\/wp\/v2\/users\/4"}],"replies":[{"embeddable":true,"href":"https:\/\/noticiasveracruz.com\/index.php\/wp-json\/wp\/v2\/comments?post=75003"}],"version-history":[{"count":0,"href":"https:\/\/noticiasveracruz.com\/index.php\/wp-json\/wp\/v2\/posts\/75003\/revisions"}],"wp:featuredmedia":[{"embeddable":true,"href":"https:\/\/noticiasveracruz.com\/index.php\/wp-json\/wp\/v2\/media\/75004"}],"wp:attachment":[{"href":"https:\/\/noticiasveracruz.com\/index.php\/wp-json\/wp\/v2\/media?parent=75003"}],"wp:term":[{"taxonomy":"category","embeddable":true,"href":"https:\/\/noticiasveracruz.com\/index.php\/wp-json\/wp\/v2\/categories?post=75003"},{"taxonomy":"post_tag","embeddable":true,"href":"https:\/\/noticiasveracruz.com\/index.php\/wp-json\/wp\/v2\/tags?post=75003"}],"curies":[{"name":"wp","href":"https:\/\/api.w.org\/{rel}","templated":true}]}}