{"id":7434,"date":"2022-08-26T00:05:37","date_gmt":"2022-08-26T05:05:37","guid":{"rendered":"https:\/\/noticiasveracruz.com\/?p=7434"},"modified":"2022-08-29T00:07:50","modified_gmt":"2022-08-29T05:07:50","slug":"con-obras-y-acciones-se-mejora-la-calidad-de-vida-de-las-familias-en-tuxpan","status":"publish","type":"post","link":"https:\/\/noticiasveracruz.com\/index.php\/2022\/08\/26\/con-obras-y-acciones-se-mejora-la-calidad-de-vida-de-las-familias-en-tuxpan\/","title":{"rendered":"Con obras y acciones se mejora la calidad de vida de las familias en Tuxpan"},"content":{"rendered":"<p>&nbsp;<\/p>\n<p class=\"p1\"><span style=\"font-size: 14pt;\"><em><strong>TUXPAN, VERACRUZ.<\/strong> <\/em>El <strong>Gobierno de Tuxpan ha llevado a cabo la construcci\u00f3n de diversas obras que mejoran la infraestructura de la zona urbana<\/strong> y la calidad de vida de las familias. <\/span><\/p>\n<p class=\"p1\"><span style=\"font-size: 18pt;\"><strong>Se inaugur\u00f3 la pavimentaci\u00f3n de 316 metros cuadrados de la calle Juan Escutia, en la colonia Ni\u00f1os H\u00e9roes y 971.16 m2 de la calle Palomas, en la colonia Ampliaci\u00f3n Rodr\u00edguez Cano.<\/strong><\/span><\/p>\n<p>&nbsp;<\/p>\n<p><img loading=\"lazy\" decoding=\"async\" class=\"aligncenter wp-image-9387 size-full\" src=\"https:\/\/politicosaldesnudo.com.mx\/wp-content\/uploads\/2022\/08\/WhatsApp-Image-2022-08-26-at-3.06.53-PM-3.jpeg\" alt=\"\" width=\"750\" height=\"500\" \/><\/p>\n<p>&nbsp;<\/p>\n<p class=\"p1\"><strong><span style=\"font-size: 18pt;\">Asimismo, 724.56 m2 de la calle Uruguay, en la colonia Salinas de Gortari, todas ellas con concreto hidr\u00e1ulico. <\/span><\/strong><\/p>\n<p>&nbsp;<\/p>\n<p><img loading=\"lazy\" decoding=\"async\" class=\"aligncenter wp-image-9385 size-full\" src=\"https:\/\/politicosaldesnudo.com.mx\/wp-content\/uploads\/2022\/08\/WhatsApp-Image-2022-08-26-at-3.06.53-PM-1.jpeg\" alt=\"\" width=\"750\" height=\"500\" \/><\/p>\n<p>&nbsp;<\/p>\n<p>&nbsp;<\/p>\n<p class=\"p1\"><strong><span style=\"font-size: 18pt;\">Asimismo, se construyeron 218.22 metros lineales de guarnici\u00f3n y 233.11 metros cuadrados de banqueta con concreto hidr\u00e1ulico, de la calle Mango Dominico, en la colonia Ampliaci\u00f3n Los Mangos, de la localidad Alto Lucero.<\/span><\/strong><\/p>\n<p>&nbsp;<\/p>\n<p><img loading=\"lazy\" decoding=\"async\" class=\"aligncenter wp-image-9390 size-full\" src=\"https:\/\/politicosaldesnudo.com.mx\/wp-content\/uploads\/2022\/08\/WhatsApp-Image-2022-08-26-at-7.29.32-PM.jpeg\" alt=\"\" width=\"750\" height=\"500\" \/><\/p>\n<p>&nbsp;<\/p>\n<p class=\"p1\"><strong><span style=\"font-size: 18pt;\">La inversi\u00f3n total estas obras supera los 3 millones 748 mil pesos, provenientes del Fondo de Aportaciones para la Infraestructura Social Municipal y de las Demarcaciones Territoriales del Distrito Federal (FISMDF).<\/span><\/strong><\/p>\n<p>&nbsp;<\/p>\n<p><img loading=\"lazy\" decoding=\"async\" class=\"aligncenter wp-image-9389 size-full\" src=\"https:\/\/politicosaldesnudo.com.mx\/wp-content\/uploads\/2022\/08\/WhatsApp-Image-2022-08-26-at-7.29.32-PM-1.jpeg\" alt=\"\" width=\"750\" height=\"500\" \/><\/p>\n<p>&nbsp;<\/p>\n<p class=\"p1\"><span style=\"font-size: 18pt;\"><strong>Estas construcciones, adem\u00e1s de mejorar la calidad de vida de los habitantes estas colonias, facilitan su movilidad, mejoran el acceso de los servicios y generan plusval\u00eda.<\/strong><\/span><\/p>\n<p>&nbsp;<\/p>\n<p><img loading=\"lazy\" decoding=\"async\" class=\"aligncenter wp-image-9386 size-full\" src=\"https:\/\/politicosaldesnudo.com.mx\/wp-content\/uploads\/2022\/08\/WhatsApp-Image-2022-08-26-at-3.06.53-PM-2.jpeg\" alt=\"\" width=\"750\" height=\"500\" \/><\/p>\n<p>&nbsp;<\/p>\n<p class=\"p1\"><span style=\"font-size: 18pt;\"><strong>El Gobierno Tuxpan est\u00e1 comprometido con el progreso del municipio; por ello, pr\u00f3ximamente inaugurar\u00e1 m\u00e1s obras en beneficio de las familias tuxpe\u00f1as.<\/strong><\/span><\/p>\n<p>&nbsp;<\/p>\n<p>&nbsp;<\/p>\n<p>&nbsp;<\/p>\n<p>&nbsp;<\/p>\n","protected":false},"excerpt":{"rendered":"<p>&nbsp; TUXPAN, VERACRUZ. El Gobierno de Tuxpan ha llevado a cabo la construcci\u00f3n de diversas obras que mejoran la infraestructura<\/p>\n","protected":false},"author":4,"featured_media":7239,"comment_status":"closed","ping_status":"closed","sticky":false,"template":"","format":"standard","meta":{"colormag_page_container_layout":"default_layout","colormag_page_sidebar_layout":"default_layout","_jetpack_memberships_contains_paid_content":false,"footnotes":"","jetpack_publicize_message":"","jetpack_publicize_feature_enabled":true,"jetpack_social_post_already_shared":false,"jetpack_social_options":{"image_generator_settings":{"template":"highway","default_image_id":0,"font":"","enabled":false},"version":2}},"categories":[356],"tags":[1298,72,73],"class_list":["post-7434","post","type-post","status-publish","format-standard","has-post-thumbnail","hentry","category-veracruz","tag-obras-publicas","tag-tuxpan","tag-veracruz"],"jetpack_publicize_connections":[],"jetpack_featured_media_url":"https:\/\/noticiasveracruz.com\/wp-content\/uploads\/2022\/08\/P-ALTOLUCERO-TUXPAN5.png","jetpack_sharing_enabled":true,"publishpress_future_action":{"enabled":false,"date":"2026-05-08 07:04:58","action":"change-status","newStatus":"draft","terms":[],"taxonomy":"category","extraData":[]},"publishpress_future_workflow_manual_trigger":{"enabledWorkflows":[]},"_links":{"self":[{"href":"https:\/\/noticiasveracruz.com\/index.php\/wp-json\/wp\/v2\/posts\/7434","targetHints":{"allow":["GET"]}}],"collection":[{"href":"https:\/\/noticiasveracruz.com\/index.php\/wp-json\/wp\/v2\/posts"}],"about":[{"href":"https:\/\/noticiasveracruz.com\/index.php\/wp-json\/wp\/v2\/types\/post"}],"author":[{"embeddable":true,"href":"https:\/\/noticiasveracruz.com\/index.php\/wp-json\/wp\/v2\/users\/4"}],"replies":[{"embeddable":true,"href":"https:\/\/noticiasveracruz.com\/index.php\/wp-json\/wp\/v2\/comments?post=7434"}],"version-history":[{"count":0,"href":"https:\/\/noticiasveracruz.com\/index.php\/wp-json\/wp\/v2\/posts\/7434\/revisions"}],"wp:featuredmedia":[{"embeddable":true,"href":"https:\/\/noticiasveracruz.com\/index.php\/wp-json\/wp\/v2\/media\/7239"}],"wp:attachment":[{"href":"https:\/\/noticiasveracruz.com\/index.php\/wp-json\/wp\/v2\/media?parent=7434"}],"wp:term":[{"taxonomy":"category","embeddable":true,"href":"https:\/\/noticiasveracruz.com\/index.php\/wp-json\/wp\/v2\/categories?post=7434"},{"taxonomy":"post_tag","embeddable":true,"href":"https:\/\/noticiasveracruz.com\/index.php\/wp-json\/wp\/v2\/tags?post=7434"}],"curies":[{"name":"wp","href":"https:\/\/api.w.org\/{rel}","templated":true}]}}