{"id":7408,"date":"2022-08-26T06:48:35","date_gmt":"2022-08-26T11:48:35","guid":{"rendered":"https:\/\/noticiasveracruz.com\/?p=7408"},"modified":"2022-08-26T06:48:35","modified_gmt":"2022-08-26T11:48:35","slug":"el-t-mec-pretexto-para-criticar","status":"publish","type":"post","link":"https:\/\/noticiasveracruz.com\/index.php\/2022\/08\/26\/el-t-mec-pretexto-para-criticar\/","title":{"rendered":"El T-MEC pretexto para criticar"},"content":{"rendered":"<p class=\"p1\">\n<p class=\"p1\"><span style=\"font-size: 18pt;\"><b>Por \u00c1ngel \u00c1lvaro Pe\u00f1a<\/b><\/span><\/p>\n<p class=\"p1\"><span style=\"font-size: 14pt;\">Esta no es la primera vez que el embajador de Estados Unidos en M\u00e9xico muestra m\u00e1s amor por nuestro pa\u00eds que la oposici\u00f3n y sus voceros. <span style=\"color: #e42d33;\"><strong>La \u00fanica urgencia real de la oposici\u00f3n es que se peleen M\u00e9xico y Estados Unidos.<\/strong><\/span><\/span><\/p>\n<p class=\"p1\"><span style=\"font-size: 18pt;\"><strong>Ken Salazar, asegur\u00f3 que atender la\u00a0seguridad del pa\u00eds\u00a0es m\u00e1s importante que otros temas que les inquieta a las fuerzas conservadoras de ambos pa\u00edses, como el proceso de consulta por la presunta violaci\u00f3n que nuestro pa\u00eds cometi\u00f3 contra el\u00a0Tratado entre M\u00e9xico, Estados Unidos y Canad\u00e1\u00a0por la nueva\u00a0pol\u00edtica energ\u00e9tica\u00a0de\u00a0L\u00f3pez Obrador.<\/strong><\/span><\/p>\n<p class=\"p1\"><span style=\"font-size: 14pt;\">\u201cLa\u00a0seguridad\u00a0es m\u00e1s fundamental que los otros temas de inquietud que son dif\u00edciles, incluso el\u00a0T-MEC\u00a0y la consulta. Porque esas cosas se pueden resolver y se van a resolver, pero si no obtenemos resultados en la seguridad todo sigue temblando\u201d, dijo el\u00a0embajador.<\/span><\/p>\n<p class=\"p1\"><span style=\"font-size: 14pt;\">La inseguridad en un pa\u00eds afecta al otro, somos vecinos, de puerta a puerta, no lejanos conocidos con conflictos diferentes. Y bien lo dice el Presidente de M\u00e9xico, si hay pleito entre ambas nacionales, los dos pa\u00edses pierden.<\/span><\/p>\n<p>&nbsp;<\/p>\n<p><img loading=\"lazy\" decoding=\"async\" class=\"aligncenter wp-image-9352 size-large\" src=\"https:\/\/politicosaldesnudo.com.mx\/wp-content\/uploads\/2022\/08\/P-KEN-SALAZAR1-1024x573.png\" alt=\"\" width=\"800\" height=\"448\" \/><\/p>\n<p>&nbsp;<\/p>\n<p class=\"p1\"><span style=\"font-size: 18pt;\"><strong>Al parecer <span style=\"color: #e42d33;\">la oposici\u00f3n en M\u00e9xico<\/span>, al carecer de armas para identificar su fuerza pol\u00edtica prefiere escoger temas internacionales que no maneja, y desde <span style=\"color: #e42d33;\">hace m\u00e1s de cuatro a\u00f1os anuncia una gran crisis econ\u00f3mica<\/span> en el interior y una enemistad irreparable con estados unidos. Los mexicanos son testigos de que sus pron\u00f3sticos pesimistas han fallado y los que se sumieron en una crisis irreversible son partidos como el PARI, el PAN y el PRD, que tal vez no sobrevivan al 2024.<\/strong><\/span><\/p>\n<p class=\"p1\"><span style=\"font-size: 14pt;\">Ken Salazar habl\u00f3 ante Francisco Cervantes, presidente del Consejo Coordinador Empresarial, Daniel Becker, presidente de la\u00a0Asociaci\u00f3n de Bancos de M\u00e9xico; Antonio del Valle, presidente del\u00a0Consejo Mexicano de Negocios; Miguel Elizalde, presidente de la\u00a0Asociaci\u00f3n Nacional de Productores de Autobuses, Camiones y Tractocamiones; Eugenio Salinas, de la\u00a0Concamin; Luis Hern\u00e1ndez, presidente del\u00a0Consejo Nacional de la Industria Maquiladora y Manufacturera de Exportaci\u00f3n (Index); Susana Duque, directora de\u00a0Index; y miembros de la\u00a0American Chamber of Commerce of Mexico, a quienes tranquiliz\u00f3 y les mostr\u00f3 una realidad verdadera sobre la relaci\u00f3n entre estados Unidos y M\u00e9xico. Sin exageraciones ni miedos, simplemente cooperaci\u00f3n y trabajo.<\/span><\/p>\n<p class=\"p1\"><span style=\"font-size: 14pt;\">Porque hay quienes magnifican algunos hechos para tratar de acercar los malos augurios pronosticados hace cuatro a\u00f1os, a nuestra realidad. No les embona una situaci\u00f3n con otra y deben hacerle caso a la voz del amo, a la que est\u00e1n acostumbrados a obedecer, para entender la realidad de la inseguridad y de los acuerdos internacionales.<\/span><\/p>\n<p class=\"p1\"><span style=\"font-size: 14pt;\">Por muchos a\u00f1os los representantes de la Casa Blanca dictaron la manera de hacer pol\u00edtica en M\u00e9xico, los presidentes obedec\u00edan por inercia, ni siquiera pensaban en la posibilidad de rebelarse, nunca pas\u00f3 por su cabeza.<\/span><\/p>\n<p class=\"p1\"><span style=\"font-size: 14pt;\">La semana pasada, en ciudades de\u00a0Chihuahua, Guanajuato y Jalisco, gobernador por la oposici\u00f3n y en Baja California y Michoac\u00e1n, gobernados por Morena,\u00a0se reportaron\u00a0quema de veh\u00edculos, locales, bloqueos carreteros\u00a0e, incluso,\u00a0ataques\u00a0directos contra la poblaci\u00f3n cometidos por presuntos integrantes del crimen organizado.<\/span><\/p>\n<p class=\"p1\"><span style=\"font-size: 14pt;\">Ante esta situaci\u00f3n, el\u00a0embajador\u00a0asegur\u00f3 que es tiempo de que los compromisos que se han firmado entre\u00a0M\u00e9xico y Estados Unidos, como el\u00a0Entendimiento Bicentenario\u00a0de octubre del a\u00f1o pasado o la declaraci\u00f3n conjunta de los\u00a0presidentes L\u00f3pez Obrador y Joe Biden\u00a0del 12 de diciembre, se hagan realidad.<\/span><\/p>\n<p class=\"p1\"><span style=\"font-size: 18pt;\"><strong><span style=\"color: #e42d33;\">Para la oposici\u00f3n en M\u00e9xico, Estados unidos es el \u00fanico pa\u00eds en el mundo<\/span>, su visi\u00f3n del planea empieza en el r\u00edo Bravo y termina en el r\u00edo Detroit. Lo dem\u00e1s son colonias estadounidenses. Lo bueno, lo casi perfecto se encuentra pasando la frontera, de hecho, Ricardo Anaya, Rodrigo Medina, Cabeza de Vaca, C\u00e9sar Duarte, tienen su refugio en ese territorio.<\/strong><\/span><\/p>\n<p class=\"p1\"><span style=\"font-size: 14pt;\">La ignorancia de la oposici\u00f3n llega a l\u00edmites que ofenden los intereses de estados unidos. Un ejemplo de ello es la propuesta que hicieron algunas legisladoras del PAN para pedir que los narcotraficantes mexicanos fueran considerados terroristas. Nunca dijeron la raz\u00f3n, pero act\u00faan pr\u00e1cticamente sin argumentos y eso coloca a algunos partidos no s\u00f3lo en la ignorancia sino en la muy posible enemistad con el vecino del norte.<\/span><\/p>\n<p class=\"p1\"><span style=\"font-size: 18pt;\"><strong>Al declarar como terroristas a los narcos mexicanos, los armeros, los fabricantes de armas y los defensores de que <span style=\"color: #e42d33;\">la sociedad estadounidense est\u00e9 armada hasta los dientes perder\u00edan millones de d\u00f3lares porque se les prohibir\u00eda negociar con terroristas<\/span>, identificados como tales. Es decir, para que quede claro, uno de los mejores clientes de armas en Estados Unidos son los narcos mexicanos.<\/strong><\/span><\/p>\n<p class=\"p1\"><span style=\"font-size: 14pt;\">Por otra parte, si los narcos mexicanos fueran declarados terroristas los bancos estadounidenses no podr\u00edan lavarles millones de d\u00f3lares que les lavan todos los d\u00edas. Adem\u00e1s, si la sugerencia ingenua de la oposici\u00f3n progresara, qui\u00e9n les vender\u00eda droga barata y de calidad a los traficantes de aquel lado de la frontera, protegidos por autoridades del vecino pa\u00eds para satisfacer la necesidad de millones de adictos. As\u00ed de distante de la realidad se encuentra la oposici\u00f3n en M\u00e9xico, pero se cree experta en los temas de seguridad y, sobre todo, de las relaciones entre ambos pa\u00edses.<\/span><\/p>\n<p><img loading=\"lazy\" decoding=\"async\" class=\"aligncenter wp-image-9353 size-large\" src=\"https:\/\/politicosaldesnudo.com.mx\/wp-content\/uploads\/2022\/08\/P-TATIANA-CLOUTHIER1-1024x573.png\" alt=\"\" width=\"800\" height=\"448\" \/><\/p>\n<p>&nbsp;<\/p>\n<p class=\"p1\"><span style=\"font-size: 18pt;\"><strong>Por su parte, la secretaria de Comercio,<span style=\"color: #e42d33;\"> Tatiana Clouthier <\/span>aseguro:<span style=\"color: #139eca;\">\u00a0<span style=\"color: #e42d33;\">M\u00e9xico no saldr\u00e1 del\u00a0T-MEC<\/span><\/span>, ante legisladoras, despejando todas las dudas en torno a la posible salida de M\u00e9xico del Tratado.<\/strong><\/span><\/p>\n<p class=\"p1\"><span style=\"font-size: 14pt;\">El secretario de Relaciones Exteriores, Marcelo Ebrard, afirm\u00f3 que: T-MEC no va a colapsar por consultas de Estados Unidos.<\/span><\/p>\n<p class=\"p1\"><span style=\"font-size: 18pt;\"><strong>En total, la inversi\u00f3n extranjera, en este primer semestre en M\u00e9xico, fue de <span style=\"color: #e42d33;\">27 mil 512 millones de d\u00f3lares, m\u00e1s de 548 mil millones de pesos mexicanos<\/span>. Tatiana Clouthier record\u00f3 que de acuerdo con el INEGI, el PIB creci\u00f3 0.9% durante el segundo trimestre del a\u00f1o, y a tasa anual, ascendi\u00f3 0.9% en t\u00e9rminos reales. El empleo, retom\u00f3 que la tasa de desempleo es del 3.3%, 0.8% menor que el mismo periodo del a\u00f1o anterior.<\/strong><\/span><\/p>\n<p class=\"p1\"><span style=\"font-size: 14pt;\">Los opositores no piensan como mexicanos, es necesario que un extranjero les muestre la calidad de sus valores y la importancia de su cultura.<\/span><\/p>\n<p>&nbsp;<\/p>\n<p class=\"p1\"><span style=\"font-size: 18pt; color: #e42d33;\"><strong>PEGA Y CORRE<\/strong><\/span><\/p>\n<p class=\"p1\"><span style=\"font-size: 14pt;\">Ante las porras, muchas veces agresivas, que se forman alrededor de los posibles candidatos de Morena a la Presidencia dela rep\u00fablica, la jefa de gobierno de la CDMX, se\u00f1al\u00f3 que no existe divisi\u00f3n entre los posibles candidatos presidenciables conocidos como \u201ccorcholatas\u00bb<\/span><\/p>\n<p class=\"p1\">\n<p>&nbsp;<\/p>\n<p class=\"p1\"><span style=\"font-size: 18pt;\"><strong>Esta columna se publica los lunes, mi\u00e9rcoles y viernes<\/strong><\/span><\/p>\n<p>&nbsp;<\/p>\n<p><span style=\"font-size: 18pt; color: #e42d33;\"><em><strong>**Las columnas firmadas en este medio son responsabilidad de quienes las firman**<\/strong><\/em><\/span><\/p>\n<p>&nbsp;<\/p>\n<p>&nbsp;<\/p>\n<p>&nbsp;<\/p>\n<p>&nbsp;<\/p>\n<p>&nbsp;<\/p>\n","protected":false},"excerpt":{"rendered":"<p>Por \u00c1ngel \u00c1lvaro Pe\u00f1a Esta no es la primera vez que el embajador de Estados Unidos en M\u00e9xico muestra m\u00e1s<\/p>\n","protected":false},"author":4,"featured_media":0,"comment_status":"closed","ping_status":"closed","sticky":false,"template":"","format":"standard","meta":{"colormag_page_container_layout":"default_layout","colormag_page_sidebar_layout":"default_layout","_jetpack_memberships_contains_paid_content":false,"footnotes":"","jetpack_publicize_message":"","jetpack_publicize_feature_enabled":true,"jetpack_social_post_already_shared":false,"jetpack_social_options":{"image_generator_settings":{"template":"highway","default_image_id":0,"font":"","enabled":false},"version":2}},"categories":[6],"tags":[92,240,31,1122,749],"class_list":["post-7408","post","type-post","status-publish","format-standard","hentry","category-columnistas","tag-estados-unidos","tag-ken-salazar","tag-mexico","tag-t-mec","tag-tatiana-clouthier"],"jetpack_publicize_connections":[],"jetpack_featured_media_url":"","jetpack_sharing_enabled":true,"publishpress_future_action":{"enabled":false,"date":"2026-05-08 16:44:52","action":"change-status","newStatus":"draft","terms":[],"taxonomy":"category","extraData":[]},"publishpress_future_workflow_manual_trigger":{"enabledWorkflows":[]},"_links":{"self":[{"href":"https:\/\/noticiasveracruz.com\/index.php\/wp-json\/wp\/v2\/posts\/7408","targetHints":{"allow":["GET"]}}],"collection":[{"href":"https:\/\/noticiasveracruz.com\/index.php\/wp-json\/wp\/v2\/posts"}],"about":[{"href":"https:\/\/noticiasveracruz.com\/index.php\/wp-json\/wp\/v2\/types\/post"}],"author":[{"embeddable":true,"href":"https:\/\/noticiasveracruz.com\/index.php\/wp-json\/wp\/v2\/users\/4"}],"replies":[{"embeddable":true,"href":"https:\/\/noticiasveracruz.com\/index.php\/wp-json\/wp\/v2\/comments?post=7408"}],"version-history":[{"count":0,"href":"https:\/\/noticiasveracruz.com\/index.php\/wp-json\/wp\/v2\/posts\/7408\/revisions"}],"wp:attachment":[{"href":"https:\/\/noticiasveracruz.com\/index.php\/wp-json\/wp\/v2\/media?parent=7408"}],"wp:term":[{"taxonomy":"category","embeddable":true,"href":"https:\/\/noticiasveracruz.com\/index.php\/wp-json\/wp\/v2\/categories?post=7408"},{"taxonomy":"post_tag","embeddable":true,"href":"https:\/\/noticiasveracruz.com\/index.php\/wp-json\/wp\/v2\/tags?post=7408"}],"curies":[{"name":"wp","href":"https:\/\/api.w.org\/{rel}","templated":true}]}}