{"id":73862,"date":"2026-02-17T00:03:52","date_gmt":"2026-02-17T06:03:52","guid":{"rendered":"https:\/\/noticiasveracruz.com\/?p=73862"},"modified":"2026-02-16T18:45:16","modified_gmt":"2026-02-17T00:45:16","slug":"pjev-consolida-justicia-digital","status":"publish","type":"post","link":"https:\/\/noticiasveracruz.com\/index.php\/2026\/02\/17\/pjev-consolida-justicia-digital\/","title":{"rendered":"PJEV consolida justicia digital"},"content":{"rendered":"<p>El Poder Judicial del Estado de Veracruz ha consolidado el modelo de justicia digital que fue puesto en marcha hace casi dos a\u00f1os, lo que ha permitido que la labor jurisdiccional no se detenga; agilizando procesos, reduciendo tiempos, costos y la necesidad de desplazamientos f\u00edsicos, y garantizar un acceso equitativo a la ley para todas y todos.<\/p>\n<p>A la fecha, los tres Juzgados en l\u00ednea, cada uno con competencia en Materia Civil, Familiar y Laboral en todo el Estado, han permitido que cerca de 7 mil 500 expedientes hayan sido radicados, de los cuales, en al menos 3 mil 350 ya exista una resoluci\u00f3n, lo que refleja que cada vez m\u00e1s personas recurren a esta herramienta para dirimir conflictos.<\/p>\n<p>Los Juzgados en L\u00ednea Mixtos de Primera Instancia marcan un paso adelante hacia la justicia electr\u00f3nica, cubriendo la necesidad de optimizar la impartici\u00f3n de justicia mediante la capacitaci\u00f3n, profesionalizaci\u00f3n y modernizaci\u00f3n como pilares fundamentales en el combate a la corrupci\u00f3n.<\/p>\n<p>Mediante este esquema, se han simplificado tr\u00e1mites judiciales, eliminando barreras geogr\u00e1ficas que separan a los justiciables de un tribunal que los escuche y atienda con prontitud.<\/p>\n<p>Este proyecto refleja el compromiso del \u00d3rgano de Administraci\u00f3n Judicial del Poder Judicial con la eficiencia en el uso de los recursos p\u00fablicos; maximizando as\u00ed la funci\u00f3n principal de asegurar una justicia completa, imparcial y expedita, adem\u00e1s de coadyuvar en la transici\u00f3n hacia el sistema procesal de justicia civil y familiar, estableciendo est\u00e1ndares de oralidad y la implementaci\u00f3n de los juicios en l\u00ednea para que el acceso a la justicia sea un derecho fundamental, eficaz, accesible y transparente para las y los veracruzanos.<\/p>\n<p>El Poder Judicial del Estado de Veracruz refrenda su compromiso con la b\u00fasqueda constante de la excelencia en la administraci\u00f3n de justicia en nuestro Estado.<\/p>\n","protected":false},"excerpt":{"rendered":"<p>El Poder Judicial del Estado de Veracruz ha consolidado el modelo de justicia digital que fue puesto en marcha hace<\/p>\n","protected":false},"author":4,"featured_media":73863,"comment_status":"closed","ping_status":"closed","sticky":false,"template":"","format":"standard","meta":{"colormag_page_container_layout":"default_layout","colormag_page_sidebar_layout":"default_layout","_jetpack_memberships_contains_paid_content":false,"footnotes":"","jetpack_publicize_message":"","jetpack_publicize_feature_enabled":true,"jetpack_social_post_already_shared":true,"jetpack_social_options":{"image_generator_settings":{"template":"highway","default_image_id":0,"font":"","enabled":false},"version":2}},"categories":[356],"tags":[],"class_list":["post-73862","post","type-post","status-publish","format-standard","has-post-thumbnail","hentry","category-veracruz"],"jetpack_publicize_connections":[],"jetpack_featured_media_url":"https:\/\/noticiasveracruz.com\/wp-content\/uploads\/2026\/02\/SDE.jpg","jetpack_sharing_enabled":true,"publishpress_future_action":{"enabled":false,"date":"2026-05-02 02:37:41","action":"change-status","newStatus":"draft","terms":[],"taxonomy":"category","extraData":[]},"publishpress_future_workflow_manual_trigger":{"enabledWorkflows":[]},"_links":{"self":[{"href":"https:\/\/noticiasveracruz.com\/index.php\/wp-json\/wp\/v2\/posts\/73862","targetHints":{"allow":["GET"]}}],"collection":[{"href":"https:\/\/noticiasveracruz.com\/index.php\/wp-json\/wp\/v2\/posts"}],"about":[{"href":"https:\/\/noticiasveracruz.com\/index.php\/wp-json\/wp\/v2\/types\/post"}],"author":[{"embeddable":true,"href":"https:\/\/noticiasveracruz.com\/index.php\/wp-json\/wp\/v2\/users\/4"}],"replies":[{"embeddable":true,"href":"https:\/\/noticiasveracruz.com\/index.php\/wp-json\/wp\/v2\/comments?post=73862"}],"version-history":[{"count":0,"href":"https:\/\/noticiasveracruz.com\/index.php\/wp-json\/wp\/v2\/posts\/73862\/revisions"}],"wp:featuredmedia":[{"embeddable":true,"href":"https:\/\/noticiasveracruz.com\/index.php\/wp-json\/wp\/v2\/media\/73863"}],"wp:attachment":[{"href":"https:\/\/noticiasveracruz.com\/index.php\/wp-json\/wp\/v2\/media?parent=73862"}],"wp:term":[{"taxonomy":"category","embeddable":true,"href":"https:\/\/noticiasveracruz.com\/index.php\/wp-json\/wp\/v2\/categories?post=73862"},{"taxonomy":"post_tag","embeddable":true,"href":"https:\/\/noticiasveracruz.com\/index.php\/wp-json\/wp\/v2\/tags?post=73862"}],"curies":[{"name":"wp","href":"https:\/\/api.w.org\/{rel}","templated":true}]}}