{"id":7379,"date":"2022-08-25T10:59:06","date_gmt":"2022-08-25T15:59:06","guid":{"rendered":"https:\/\/noticiasveracruz.com\/?p=7379"},"modified":"2022-08-25T11:00:22","modified_gmt":"2022-08-25T16:00:22","slug":"tuxpan-invita-a-emprendedores-unirse-a-la-campana-anunciate-y-reactivate","status":"publish","type":"post","link":"https:\/\/noticiasveracruz.com\/index.php\/2022\/08\/25\/tuxpan-invita-a-emprendedores-unirse-a-la-campana-anunciate-y-reactivate\/","title":{"rendered":"Tuxpan invita a emprendedores unirse a \u201cAn\u00fanciate y React\u00edvate\u201d"},"content":{"rendered":"<p>&nbsp;<\/p>\n<p class=\"p1\"><span style=\"font-size: 14pt;\"><em><strong>TUXPAN, VER.<\/strong> <\/em>El Ayuntamiento de Tuxpan, a trav\u00e9s de la <strong>Direcci\u00f3n de Desarrollo Econ\u00f3mico<\/strong>, invita a<strong> peque\u00f1as y medianas empresas<\/strong> (MIPyMES) locales2 y emprendedores tuxpe\u00f1os a participar en la campa\u00f1a <span style=\"color: #e42d33;\"><strong>\u201cAn\u00fanciate y React\u00edvate\u201d<\/strong><\/span>, mediante la cual podr\u00e1n promocionar sus productos o servicios a trav\u00e9s de la p\u00e1gina web oficial del Gobierno Municipal: <a href=\"https:\/\/tuxpanveracruz.gob.mx\/\">https:\/\/tuxpanveracruz.gob.mx\/ <\/a><\/span><\/p>\n<p class=\"p1\"><span style=\"font-size: 18pt;\"><strong>Para formar parte de esta campa\u00f1a<span style=\"color: #e42d33;\"> \u201cAn\u00fanciate y React\u00edvate\u201d <\/span>\u00fanicamente se debe llenar el siguiente formulario que se encuentra en dando clic en el<\/strong> <\/span><span style=\"color: #e42d33;\"><span style=\"font-size: 18pt;\"><strong>siguiente enlace<\/strong><\/span>:<\/span><\/p>\n<p class=\"p1\"><span style=\"font-size: 18pt;\"><a href=\"https:\/\/docs.google.com\/forms\/d\/e\/1FAIpQLSd38Z3Hrf6Ap39-7rM3yLe_aYCaCC2CEGIfEEiqTOb6TYbDaQ\/viewform\">https:\/\/docs.google.com\/forms\/d\/e\/1FAIpQLSd38Z3Hrf6Ap39-7rM3yLe_aYCaCC2CEGIfEEiqTOb6TYbDaQ\/viewform<\/a><\/span><\/p>\n<p>&nbsp;<\/p>\n<p><img loading=\"lazy\" decoding=\"async\" class=\"aligncenter wp-image-9318 size-large\" src=\"https:\/\/politicosaldesnudo.com.mx\/wp-content\/uploads\/2022\/08\/WhatsApp-Image-2022-08-24-at-6.36.16-PM-724x1024.jpeg\" alt=\"\" width=\"724\" height=\"1024\" \/><\/p>\n<p>&nbsp;<\/p>\n<p class=\"p1\"><span style=\"font-size: 18pt;\"><strong>Para m\u00e1s informaci\u00f3n comun\u00edcate al<span style=\"color: #e42d33;\"> 783 580 2383<\/span>, o escribe un correo electr\u00f3nico<span style=\"color: #e42d33;\"> <a style=\"color: #e42d33;\" href=\"mailto:deconomico@tuxpanveracruz.gob.mx\">deconomico@tuxpanveracruz.gob.mx<\/a><\/span><\/strong><\/span><\/p>\n<p>&nbsp;<\/p>\n<p>&nbsp;<\/p>\n<p>&nbsp;<\/p>\n<p>&nbsp;<\/p>\n","protected":false},"excerpt":{"rendered":"<p>&nbsp; TUXPAN, VER. El Ayuntamiento de Tuxpan, a trav\u00e9s de la Direcci\u00f3n de Desarrollo Econ\u00f3mico, invita a peque\u00f1as y medianas<\/p>\n","protected":false},"author":4,"featured_media":7380,"comment_status":"closed","ping_status":"closed","sticky":false,"template":"","format":"standard","meta":{"colormag_page_container_layout":"default_layout","colormag_page_sidebar_layout":"default_layout","_jetpack_memberships_contains_paid_content":false,"footnotes":"","jetpack_publicize_message":"","jetpack_publicize_feature_enabled":true,"jetpack_social_post_already_shared":false,"jetpack_social_options":{"image_generator_settings":{"template":"highway","default_image_id":0,"font":"","enabled":false},"version":2}},"categories":[356],"tags":[1286,1287,72,73],"class_list":["post-7379","post","type-post","status-publish","format-standard","has-post-thumbnail","hentry","category-veracruz","tag-desarollo-economico","tag-emprendedores","tag-tuxpan","tag-veracruz"],"jetpack_publicize_connections":[],"jetpack_featured_media_url":"https:\/\/noticiasveracruz.com\/wp-content\/uploads\/2022\/08\/P-ANU\u0301NCIATE-CAMPAN\u0303A-TUXPAN.png","jetpack_sharing_enabled":true,"publishpress_future_action":{"enabled":false,"date":"2026-05-07 02:21:46","action":"change-status","newStatus":"draft","terms":[],"taxonomy":"category","extraData":[]},"publishpress_future_workflow_manual_trigger":{"enabledWorkflows":[]},"_links":{"self":[{"href":"https:\/\/noticiasveracruz.com\/index.php\/wp-json\/wp\/v2\/posts\/7379","targetHints":{"allow":["GET"]}}],"collection":[{"href":"https:\/\/noticiasveracruz.com\/index.php\/wp-json\/wp\/v2\/posts"}],"about":[{"href":"https:\/\/noticiasveracruz.com\/index.php\/wp-json\/wp\/v2\/types\/post"}],"author":[{"embeddable":true,"href":"https:\/\/noticiasveracruz.com\/index.php\/wp-json\/wp\/v2\/users\/4"}],"replies":[{"embeddable":true,"href":"https:\/\/noticiasveracruz.com\/index.php\/wp-json\/wp\/v2\/comments?post=7379"}],"version-history":[{"count":0,"href":"https:\/\/noticiasveracruz.com\/index.php\/wp-json\/wp\/v2\/posts\/7379\/revisions"}],"wp:featuredmedia":[{"embeddable":true,"href":"https:\/\/noticiasveracruz.com\/index.php\/wp-json\/wp\/v2\/media\/7380"}],"wp:attachment":[{"href":"https:\/\/noticiasveracruz.com\/index.php\/wp-json\/wp\/v2\/media?parent=7379"}],"wp:term":[{"taxonomy":"category","embeddable":true,"href":"https:\/\/noticiasveracruz.com\/index.php\/wp-json\/wp\/v2\/categories?post=7379"},{"taxonomy":"post_tag","embeddable":true,"href":"https:\/\/noticiasveracruz.com\/index.php\/wp-json\/wp\/v2\/tags?post=7379"}],"curies":[{"name":"wp","href":"https:\/\/api.w.org\/{rel}","templated":true}]}}