{"id":7377,"date":"2022-08-25T08:20:13","date_gmt":"2022-08-25T13:20:13","guid":{"rendered":"https:\/\/noticiasveracruz.com\/?p=7377"},"modified":"2022-08-25T08:20:13","modified_gmt":"2022-08-25T13:20:13","slug":"la-clave-de-la-libertad-para-murillo-es-acusar-a-pena","status":"publish","type":"post","link":"https:\/\/noticiasveracruz.com\/index.php\/2022\/08\/25\/la-clave-de-la-libertad-para-murillo-es-acusar-a-pena\/","title":{"rendered":"La clave de la libertad para Murillo es acusar a Pe\u00f1a"},"content":{"rendered":"<p>&nbsp;<\/p>\n<p class=\"p1\"><span style=\"font-size: 18pt;\"><strong>Por Jos\u00e9 Ure\u00f1a<\/strong><\/span><\/p>\n<p class=\"p1\"><span style=\"font-size: 14pt;\">Est\u00e1 muy grave. <\/span><span style=\"font-size: 14pt;\">Por algo sus abogados tramitaron y consiguieron el amparo para recibir atenci\u00f3n m\u00e9dica en el Reclusorio Norte, donde se le intern\u00f3.<\/span><\/p>\n<p class=\"p1\"><span style=\"font-size: 14pt;\">Su enfermedad requiere tratamiento extremo. <\/span><span style=\"font-size: 14pt;\">Su oxigenaci\u00f3n cerebral es insuficiente y cuando eso sucede, am\u00e9n del riesgo extremo, pierde la conciencia y la coordinaci\u00f3n mental con sus interlocutores.<\/span><\/p>\n<p class=\"p1\"><span style=\"font-size: 14pt;\">Este dato lo destacamos porque, si eso sucediera en una audiencia, el exprocurador Jes\u00fas Murillo Karam podr\u00eda hacer declaraciones auto inculpatorias. <\/span><span style=\"font-size: 14pt;\">Es la principal preocupaci\u00f3n de su familia.<\/span><\/p>\n<p class=\"p1\"><span style=\"font-size: 14pt;\">Es un caso extra\u00f1o:<\/span><\/p>\n<p class=\"p1\"><span style=\"font-size: 14pt;\">Aunque sus abogados le recomendaban tomar previsiones porque ve\u00edan el aparato de Estado y a la FGR tras \u00e9l, Murillo Karam no lo cre\u00eda.<\/span><\/p>\n<p class=\"p1\"><span style=\"font-size: 14pt;\">Tampoco su familia. <\/span><span style=\"font-size: 14pt;\">Ten\u00edan una reflexi\u00f3n interna: el extitular de la PGR, antecesora de la FGR, ofreci\u00f3 colaborar con la investigaci\u00f3n y entreg\u00f3 cuanto documento le pidieron.<\/span><\/p>\n<p class=\"p1\"><span style=\"font-size: 14pt;\">Respet\u00f3 su palabra durante varios a\u00f1os.<\/span><\/p>\n<p>&nbsp;<\/p>\n<p class=\"p1\"><span style=\"font-size: 18pt; color: #e42d33;\"><strong>\u00bfQUI\u00c9N LE ORDENABA?<\/strong><\/span><\/p>\n<p class=\"p1\"><span style=\"font-size: 14pt;\">Hoy el objetivo es \u00fanico. <\/span><span style=\"font-size: 14pt;\">Su persecuci\u00f3n se sustent\u00f3, como lo explicaron primero el fiscal Alejandro Gertz Manero y luego L\u00f3pez Obrador, en su promesa de ponerse al frente de las investigaciones sobre el crimen de los normalistas.<\/span><\/p>\n<p class=\"p1\"><span style=\"font-size: 14pt;\">Con ese elemento y su llamada verdad hist\u00f3rica se le incorpor\u00f3 ayer a proceso, por encima del exalcalde perredista de Iguala Jos\u00e9 Luis Abarca y su esposa Mar\u00eda de los \u00c1ngeles Pineda, quienes seg\u00fan la investigaci\u00f3n de Jes\u00fas Murillo Karam ordenaron la detenci\u00f3n de los desaparecidos.<\/span><\/p>\n<p class=\"p1\"><span style=\"font-size: 14pt;\">Ellos no est\u00e1n como indiciados en el llamado crimen de Estado postulado por el Gobierno actual y Alejandro Encinas, aunque su suerte est\u00e1 echada con las primeras indagatorias y no han podido probar su inocencia. <\/span><span style=\"font-size: 14pt;\">\u00bfRecuerda usted qui\u00e9n lo hizo candidato?<\/span><\/p>\n<p class=\"p1\"><span style=\"font-size: 14pt;\">En tanto, su perseguidor Murillo Karam debe medir si satisface los afanes oficiales como bien lo ha narrado L\u00f3pez Obrador: le bastar\u00e1 con indicar qui\u00e9n le orden\u00f3 crear la verdad hist\u00f3rica. <\/span><span style=\"font-size: 14pt;\">\u00bfQui\u00e9n estaba arriba de \u00e9l? <\/span><span style=\"font-size: 14pt;\">\u00bfYa le qued\u00f3 claro?<\/span><\/p>\n<p class=\"p1\"><span style=\"font-size: 14pt;\">Enrique Pe\u00f1a Nieto, el Presidente de la Rep\u00fablica a cuya propuesta \u00e9l fue ratificado por el Senado de la Rep\u00fablica como procurador general y a quien todav\u00eda no han podido responsabilizar de cr\u00edmenes o delitos administrativos.<\/span><\/p>\n<p class=\"p1\"><span style=\"font-size: 14pt;\">Cuando lo se\u00f1ale Murillo Karam, estar\u00eda cerca de su libertad o la prisi\u00f3n domiciliaria\u2026 pero qui\u00e9n sabe si resista su condici\u00f3n f\u00edsica.<\/span><\/p>\n<p>&nbsp;<\/p>\n<p class=\"p1\"><span style=\"font-size: 18pt; color: #e42d33;\"><strong>CUENTAS Y RESIDENCIAS<\/strong><\/span><\/p>\n<p class=\"p1\"><span style=\"font-size: 14pt;\">1.- Para su informaci\u00f3n:<\/span><\/p>\n<p class=\"p1\"><span style=\"font-size: 14pt;\">La investigaci\u00f3n de la FGR sobre Jes\u00fas Murillo Karam se ha extendido a Hidalgo y parte de ella es repasar sus cuentas y su pasado como gobernador del estado.<\/span><\/p>\n<p class=\"p1\"><span style=\"font-size: 14pt;\">De esto sabr\u00e1 mucho m\u00e1s Omar Fayad y determinar\u00e1 su suerte, aunque el preso del Reclusorio Norte lo antecedi\u00f3 muchas administraciones atr\u00e1s.<\/span><\/p>\n<p class=\"p1\"><span style=\"font-size: 14pt;\">Adicionalmente, varios drones sobrevolaron y filmaron el lunes sus propiedades -todas impresionantes- en la Ciudad de M\u00e9xico e Hidalgo.<\/span><\/p>\n<p class=\"p1\"><span style=\"font-size: 14pt;\">Y 2.- El Tribunal Superior de Justicia del Estado de M\u00e9xico prepara una iniciativa para replantear \u201cla pol\u00edtica criminal\u201d y reformar el C\u00f3digo Penal.<\/span><\/p>\n<p class=\"p1\"><span style=\"font-size: 14pt;\">Su titular Ricardo Sodi Cuellar pretende sumar especialistas de todos los sectores para encontrar caminos al combate de robo de transportes, delitos cibern\u00e9ticos y cuanto atente contra los derechos humanos.<\/span><\/p>\n<p>&nbsp;<\/p>\n<p>&nbsp;<\/p>\n<p><span style=\"font-size: 18pt; color: #e42d33;\"><em><strong>**Las columnas firmadas en este medio son responsabilidad de quienes las firman**<\/strong><\/em><\/span><\/p>\n<p>&nbsp;<\/p>\n<p>&nbsp;<\/p>\n<p>&nbsp;<\/p>\n<p>&nbsp;<\/p>\n","protected":false},"excerpt":{"rendered":"<p>&nbsp; Por Jos\u00e9 Ure\u00f1a Est\u00e1 muy grave. Por algo sus abogados tramitaron y consiguieron el amparo para recibir atenci\u00f3n m\u00e9dica<\/p>\n","protected":false},"author":4,"featured_media":3258,"comment_status":"closed","ping_status":"closed","sticky":false,"template":"","format":"standard","meta":{"colormag_page_container_layout":"default_layout","colormag_page_sidebar_layout":"default_layout","_jetpack_memberships_contains_paid_content":false,"footnotes":"","jetpack_publicize_message":"","jetpack_publicize_feature_enabled":true,"jetpack_social_post_already_shared":false,"jetpack_social_options":{"image_generator_settings":{"template":"highway","default_image_id":0,"font":"","enabled":false},"version":2}},"categories":[6],"tags":[],"class_list":["post-7377","post","type-post","status-publish","format-standard","has-post-thumbnail","hentry","category-columnistas"],"jetpack_publicize_connections":[],"jetpack_featured_media_url":"https:\/\/noticiasveracruz.com\/wp-content\/uploads\/2022\/04\/JOSE\u0301-UREN\u0303A.png","jetpack_sharing_enabled":true,"publishpress_future_action":{"enabled":false,"date":"2026-05-07 01:28:01","action":"change-status","newStatus":"draft","terms":[],"taxonomy":"category","extraData":[]},"publishpress_future_workflow_manual_trigger":{"enabledWorkflows":[]},"_links":{"self":[{"href":"https:\/\/noticiasveracruz.com\/index.php\/wp-json\/wp\/v2\/posts\/7377","targetHints":{"allow":["GET"]}}],"collection":[{"href":"https:\/\/noticiasveracruz.com\/index.php\/wp-json\/wp\/v2\/posts"}],"about":[{"href":"https:\/\/noticiasveracruz.com\/index.php\/wp-json\/wp\/v2\/types\/post"}],"author":[{"embeddable":true,"href":"https:\/\/noticiasveracruz.com\/index.php\/wp-json\/wp\/v2\/users\/4"}],"replies":[{"embeddable":true,"href":"https:\/\/noticiasveracruz.com\/index.php\/wp-json\/wp\/v2\/comments?post=7377"}],"version-history":[{"count":0,"href":"https:\/\/noticiasveracruz.com\/index.php\/wp-json\/wp\/v2\/posts\/7377\/revisions"}],"wp:featuredmedia":[{"embeddable":true,"href":"https:\/\/noticiasveracruz.com\/index.php\/wp-json\/wp\/v2\/media\/3258"}],"wp:attachment":[{"href":"https:\/\/noticiasveracruz.com\/index.php\/wp-json\/wp\/v2\/media?parent=7377"}],"wp:term":[{"taxonomy":"category","embeddable":true,"href":"https:\/\/noticiasveracruz.com\/index.php\/wp-json\/wp\/v2\/categories?post=7377"},{"taxonomy":"post_tag","embeddable":true,"href":"https:\/\/noticiasveracruz.com\/index.php\/wp-json\/wp\/v2\/tags?post=7377"}],"curies":[{"name":"wp","href":"https:\/\/api.w.org\/{rel}","templated":true}]}}