{"id":7375,"date":"2022-08-25T08:14:48","date_gmt":"2022-08-25T13:14:48","guid":{"rendered":"https:\/\/noticiasveracruz.com\/?p=7375"},"modified":"2022-08-25T08:14:48","modified_gmt":"2022-08-25T13:14:48","slug":"otra-vez-alejandro-gertz","status":"publish","type":"post","link":"https:\/\/noticiasveracruz.com\/index.php\/2022\/08\/25\/otra-vez-alejandro-gertz\/","title":{"rendered":"Otra vez, Alejandro Gertz"},"content":{"rendered":"<p>&nbsp;<\/p>\n<p class=\"p1\"><span style=\"font-size: 18pt;\"><strong>Por Alberto Woolrich Ort\u00edz<\/strong><\/span><\/p>\n<p class=\"p1\"><span style=\"font-size: 14pt;\">Nunca antes en la de por s\u00ed agitada e intensa historia de la procuraci\u00f3n de justicia en nuestro M\u00e9xico, hab\u00eda habido un fiscal substancialmente manejado por la ignorancia. <\/span><\/p>\n<p class=\"p1\"><span style=\"font-size: 14pt;\">\u00c9ste grav\u00edsimo y ver\u00e1s concepto, se lo debemos completo a un Fiscal General de la Rep\u00fablica de nombre Alejandro Gertz Manero, que en el momento preciso de una m\u00e1xima decisi\u00f3n pol\u00edtica, se inclin\u00f3 por procurar justicia, apoy\u00e1ndose en su muy elevada ignorancia, en irreversible e inaudito agravio a la Representaci\u00f3n Social Federal, a la Justicia, al \u201cCaso Ayotzinapa\u201d, a la Cuarta Transformaci\u00f3n de la Naci\u00f3n\u201d y a M\u00e9xico. <\/span><\/p>\n<p class=\"p1\"><span style=\"font-size: 14pt;\">La que fue hasta antes del neoliberalismo una imponderable y siempre<span class=\"Apple-converted-space\">\u00a0 <\/span>erguida Procuradur\u00eda General de la Federaci\u00f3n -la de la probidad econ\u00f3mica e intelectual- dio varios funcionarios de inteligencia y conocimientos, como lo fueron Don Eduardo Neri, Don Eduardo Delhumeau, Don Romeo Ortega, Don Ezequiel Padilla, Don Emilio Portes Gil, Don Genaro V\u00e1zquez, Don Jos\u00e9 Aguilar y Maya, Don Francisco Gonz\u00e1lez de la Vega, Don Carlos Franco Sodi, Don Fernando L\u00f3pez Arias, Don Antonio Rocha Cordero, Don Julio S\u00e1nchez Vargas, Don Pedro Ojeda Paullada, Don Enrique \u00c1lvarez del Castillo, Don Sergio Garc\u00eda Ram\u00edrez y el \u00faltimo de esos grandes Don Daniel Cabeza de Vaca. <\/span><\/p>\n<p class=\"p1\"><span style=\"font-size: 14pt;\">A ninguno de esos grandes, doctos e incorruptibles juristas, se les hubiera ocurrido jam\u00e1s solicitar un libramiento de orden de aprehensi\u00f3n y\/o un ejercicio de acci\u00f3n penal, pretendiendo sostener su acusaci\u00f3n en la aplicaci\u00f3n de una ley retroactivamente, como la que solicit\u00f3 Alejandro Gertz Manero por el sonado \u201cCaso de Ayotzinapa\u201d.<\/span><\/p>\n<p class=\"p1\"><span style=\"font-size: 14pt;\">Veamos porqu\u00e9 <\/span><\/p>\n<p class=\"p1\"><span style=\"font-size: 14pt;\">El inconstitucional pedido de justicia emitido por la Fiscal\u00eda General de la Rep\u00fablica cuyo titular por desventura lo es Alejandro Gertz Manero, solicit\u00f3 una orden de aprehensi\u00f3n en contra de m\u00e1s de ochenta personas, por el caso de los cuarenta y tres normalistas de Ayotzinapa desaparecidos, incluidas entre ellas veinte en contra de mandos militares y personal de tropa de los batallones 27 y 41<span class=\"Apple-converted-space\">\u00a0 <\/span>de Iguala, incluyendo en ellas a Jes\u00fas Murillo Karam ex Procurador General de la Rep\u00fablica. <\/span><\/p>\n<p class=\"p1\"><span style=\"font-size: 14pt;\">Vayamos al fondo<\/span><\/p>\n<p class=\"p1\"><span style=\"font-size: 14pt;\">La Constituci\u00f3n General de la Rep\u00fablica en el art\u00edculo 14 dispone de manera clara y comprensible que: \u201cA ninguna ley se dar\u00e1 efecto retroactivo en perjuicio de persona alguna\u201d. Ello lo entiende cualquier jurista con m\u00ednima preparaci\u00f3n y cultura jur\u00eddica. <\/span><\/p>\n<p class=\"p1\"><span style=\"font-size: 14pt;\">Sigamos profundizando<\/span><\/p>\n<p class=\"p1\"><span style=\"font-size: 14pt;\">La \u201cLey General en Materia de Desaparici\u00f3n Forzada de Personas\u201d, entr\u00f3 en vigor el d\u00eda 17 del mes de noviembre del a\u00f1o de 2017.<\/span><\/p>\n<p class=\"p1\"><span style=\"font-size: 14pt;\">Como por todos es conocido el Caso Ayotzinapa, aconteci\u00f3 entre la noche del d\u00eda 26 y la madrugada del d\u00eda 27 del mes de noviembre del a\u00f1o de 2017. Luego entonces, la Ley de Desaparici\u00f3n Forzada de Personas no estaba vigente en el momento de tan lamentables acontecimientos.<\/span><\/p>\n<p class=\"p1\"><span style=\"font-size: 14pt;\">En suma, la fiscal\u00eda de la ignorancia, pretende hacer retroactiva una ley, que carec\u00eda de vida jur\u00eddica en el momento del evento delictivo. Por tanto, carece de fundamento constitucional, el pedido de Alejandro Gertz Manero en comento. Por ese simple hecho funda irregularmente su insano capricho de resolver \u201cel caso\u201d, que de manera alguna puede estar por encima y s\u00ed por abajo del precepto expreso de la Carta Magna, como lo es el art\u00edculo 14, que ya qued\u00f3 en lo conducente asentado.<\/span><\/p>\n<p class=\"p2\"><span class=\"Apple-converted-space\" style=\"font-size: 14pt;\">\u00a0<\/span><span style=\"font-size: 14pt;\">Lo m\u00e1s grave de todo ello, no resulta de lo solicitado, sino adem\u00e1s en \u00e9sta ocasi\u00f3n, con motivo de su yerro evidentemente anticonstitucional, hace evidente que el Secretario de Gobernaci\u00f3n no cumpli\u00f3 con su funci\u00f3n de \u201cvigilar el cumplimiento de los preceptos constitucionales por parte de las autoridades del Pa\u00eds, especialmente en lo que se refiere a las garant\u00edas individuales, dictando las medidas administrativas que requieren ese cumplimiento\u201d. (art. 27 Fracci\u00f3n VII de la Ley Org\u00e1nica de la Administraci\u00f3n P\u00fablica Federal).<\/span><\/p>\n<p class=\"p2\"><span style=\"font-size: 14pt;\">Es cuanto.<\/span><\/p>\n<p>&nbsp;<\/p>\n<p>&nbsp;<\/p>\n<p class=\"p1\"><strong><span style=\"font-size: 18pt;\">Lic. Alberto Woolrich Ort\u00edz<\/span><\/strong><\/p>\n<p class=\"p1\"><strong><span style=\"font-size: 18pt;\">Presidente de la Academia de Derecho Penal<\/span><\/strong><\/p>\n<p class=\"p1\"><strong><span style=\"font-size: 18pt;\">del Colegio de Abogados de M\u00e9xico, A.C.<\/span><\/strong><\/p>\n<p>&nbsp;<\/p>\n<p><span style=\"font-size: 18pt; color: #e42d33;\"><em><strong>**Las columnas firmadas en este medio son responsabilidad de quienes las firman**<\/strong><\/em><\/span><\/p>\n<p>&nbsp;<\/p>\n<p>&nbsp;<\/p>\n<p>&nbsp;<\/p>\n<p class=\"p1\">\n","protected":false},"excerpt":{"rendered":"<p>&nbsp; Por Alberto Woolrich Ort\u00edz Nunca antes en la de por s\u00ed agitada e intensa historia de la procuraci\u00f3n de<\/p>\n","protected":false},"author":4,"featured_media":3616,"comment_status":"closed","ping_status":"closed","sticky":false,"template":"","format":"standard","meta":{"colormag_page_container_layout":"default_layout","colormag_page_sidebar_layout":"default_layout","_jetpack_memberships_contains_paid_content":false,"footnotes":"","jetpack_publicize_message":"","jetpack_publicize_feature_enabled":true,"jetpack_social_post_already_shared":false,"jetpack_social_options":{"image_generator_settings":{"template":"highway","default_image_id":0,"font":"","enabled":false},"version":2}},"categories":[6],"tags":[],"class_list":["post-7375","post","type-post","status-publish","format-standard","has-post-thumbnail","hentry","category-columnistas"],"jetpack_publicize_connections":[],"jetpack_featured_media_url":"https:\/\/noticiasveracruz.com\/wp-content\/uploads\/2022\/04\/NV-ALBERTO-WOOLRICH-1.png","jetpack_sharing_enabled":true,"publishpress_future_action":{"enabled":false,"date":"2026-05-07 00:37:04","action":"change-status","newStatus":"draft","terms":[],"taxonomy":"category","extraData":[]},"publishpress_future_workflow_manual_trigger":{"enabledWorkflows":[]},"_links":{"self":[{"href":"https:\/\/noticiasveracruz.com\/index.php\/wp-json\/wp\/v2\/posts\/7375","targetHints":{"allow":["GET"]}}],"collection":[{"href":"https:\/\/noticiasveracruz.com\/index.php\/wp-json\/wp\/v2\/posts"}],"about":[{"href":"https:\/\/noticiasveracruz.com\/index.php\/wp-json\/wp\/v2\/types\/post"}],"author":[{"embeddable":true,"href":"https:\/\/noticiasveracruz.com\/index.php\/wp-json\/wp\/v2\/users\/4"}],"replies":[{"embeddable":true,"href":"https:\/\/noticiasveracruz.com\/index.php\/wp-json\/wp\/v2\/comments?post=7375"}],"version-history":[{"count":0,"href":"https:\/\/noticiasveracruz.com\/index.php\/wp-json\/wp\/v2\/posts\/7375\/revisions"}],"wp:featuredmedia":[{"embeddable":true,"href":"https:\/\/noticiasveracruz.com\/index.php\/wp-json\/wp\/v2\/media\/3616"}],"wp:attachment":[{"href":"https:\/\/noticiasveracruz.com\/index.php\/wp-json\/wp\/v2\/media?parent=7375"}],"wp:term":[{"taxonomy":"category","embeddable":true,"href":"https:\/\/noticiasveracruz.com\/index.php\/wp-json\/wp\/v2\/categories?post=7375"},{"taxonomy":"post_tag","embeddable":true,"href":"https:\/\/noticiasveracruz.com\/index.php\/wp-json\/wp\/v2\/tags?post=7375"}],"curies":[{"name":"wp","href":"https:\/\/api.w.org\/{rel}","templated":true}]}}