{"id":7365,"date":"2022-08-24T08:32:55","date_gmt":"2022-08-24T13:32:55","guid":{"rendered":"https:\/\/noticiasveracruz.com\/?p=7365"},"modified":"2022-08-24T08:32:55","modified_gmt":"2022-08-24T13:32:55","slug":"presidente-decreta-la-creacion-de-la-empresa-litio-para-mexico","status":"publish","type":"post","link":"https:\/\/noticiasveracruz.com\/index.php\/2022\/08\/24\/presidente-decreta-la-creacion-de-la-empresa-litio-para-mexico\/","title":{"rendered":"Presidente decreta la creaci\u00f3n de la empresa Litio para M\u00e9xico"},"content":{"rendered":"<p class=\"p1\">\n<p class=\"p1\"><span style=\"font-size: 14pt;\"><em><strong>CIUDAD DE M\u00c9XICO.<\/strong> <\/em>El presidente de M\u00e9xico, <strong>Andr\u00e9s Manuel L\u00f3pez Obrador,<\/strong> decret\u00f3 la creaci\u00f3n de la empresa estatal <span style=\"color: #e42d33;\"><strong>Litio para M\u00e9xico (LitioMx)<\/strong><\/span>, la cual se encargar\u00e1 de explotar este recurso natural en el pa\u00eds.<\/span><\/p>\n<p class=\"p1\"><span style=\"font-size: 18pt;\"><strong>Se trata de un mineral estrat\u00e9gico para el almacenamiento de la energ\u00eda y del cual se poseen reservas relevantes en territorio mexicano.<\/strong><\/span><\/p>\n<p class=\"p1\"><span style=\"font-size: 18pt;\"><strong>En tal sentido, la Secretar\u00eda de Energ\u00eda (Sener) puntualiz\u00f3 que \u201c<span style=\"color: #e42d33;\">el objeto de Litio para M\u00e9xico es la exploraci\u00f3n, explotaci\u00f3n, beneficio y aprovechamiento del litio<\/span>, ubicado en territorio nacional, as\u00ed como la administraci\u00f3n y control de las cadenas de valor econ\u00f3mico de dicho mineral.<\/strong><\/span><\/p>\n<blockquote class=\"twitter-tweet\" data-width=\"550\" data-dnt=\"true\">\n<p lang=\"es\" dir=\"ltr\">Decreto por el que se crea el organismo p\u00fablico descentralizado<br \/>\u201cLITIO PARA M\u00c9XICO\u201d<a href=\"https:\/\/t.co\/mUw18SJCXN\">https:\/\/t.co\/mUw18SJCXN<\/a><\/p>\n<p>&mdash; Roc\u00edo Nahle (@rocionahle) <a href=\"https:\/\/twitter.com\/rocionahle\/status\/1562228815253889024?ref_src=twsrc%5Etfw\">August 24, 2022<\/a><\/p><\/blockquote>\n<p><script async src=\"https:\/\/platform.twitter.com\/widgets.js\" charset=\"utf-8\"><\/script><\/p>\n<p>&nbsp;<\/p>\n<p class=\"p1\"><span style=\"font-size: 18pt;\"><strong>Por su parte, desde el Servicio Geol\u00f3gico Mexicano (SGM) se\u00f1alan que <span style=\"color: #e42d33;\">18 estados de la naci\u00f3n cuentan con yacimientos de litio<\/span>, considerado el petr\u00f3leo del futuro pues devendr\u00e1 esencial para impulsar la electromovilidad y el almacenamiento de la energ\u00eda para la realizaci\u00f3n de diversas actividades.<\/strong><\/span><\/p>\n<p class=\"p1\"><span style=\"font-size: 14pt;\">Asimismo, LitioMX deber\u00e1 regirse y cumplir con la legislaci\u00f3n y tratados internacionales en materia de protecci\u00f3n al medio ambiente, y de los derechos de pueblos originarios<\/span><\/p>\n<p class=\"p1\"><span style=\"font-size: 18pt;\"><strong>Entre otras funciones LitioMx tendr\u00e1 a su cargo el desarrollo y ejecuci\u00f3n de proyectos de ingenier\u00eda, investigaci\u00f3n, actividades geol\u00f3gicas, y todas aquellas relacionadas con la exploraci\u00f3n, explotaci\u00f3n, beneficio y aprovechamiento del litio.<\/strong><\/span><\/p>\n<p>&nbsp;<\/p>\n<p><img loading=\"lazy\" decoding=\"async\" class=\"aligncenter wp-image-9298 size-large\" src=\"https:\/\/politicosaldesnudo.com.mx\/wp-content\/uploads\/2022\/08\/P-EMPRESALITIO-2-1024x573.png\" alt=\"\" width=\"800\" height=\"448\" \/><\/p>\n<p>&nbsp;<\/p>\n<p class=\"p1\"><span style=\"font-size: 14pt;\">As\u00ed como tambi\u00e9n el desarrollo de tecnolog\u00eda asociado a su explotaci\u00f3n y empleo; partiendo de la ubicaci\u00f3n y reconocimiento, de conjunto con el SGM, de \u00e1reas geol\u00f3gicas en las que existan reservas probables del mencionado mineral.<\/span><\/p>\n<p class=\"p1\"><span style=\"font-size: 14pt;\">Adem\u00e1s, promover\u00e1 el aprovechamiento sustentable del litio para la transici\u00f3n energ\u00e9tica, en beneficio de la poblaci\u00f3n en general; al tiempo que administrar\u00e1 y controlar\u00e1 las actividades necesarias para la producci\u00f3n, transformaci\u00f3n y distribuci\u00f3n de productos derivados del litio.<\/span><\/p>\n<p class=\"p1\"><span style=\"font-size: 18pt;\"><strong>LitioMx estar\u00e1 coordinado por la Sener, y queda a cargo de un Consejo de Administraci\u00f3n, el cual integrar\u00e1n los titulares de las secretar\u00edas de Energ\u00eda \u2014que lo presidir\u00e1\u2014, Hacienda, Econom\u00eda, Gobernaci\u00f3n y Medio Ambiente, y Recursos Naturales, las cuales tendr\u00e1n voz y voto en la toma de decisiones.<\/strong><\/span><\/p>\n<p>&nbsp;<\/p>\n<p>&nbsp;<\/p>\n","protected":false},"excerpt":{"rendered":"<p>CIUDAD DE M\u00c9XICO. El presidente de M\u00e9xico, Andr\u00e9s Manuel L\u00f3pez Obrador, decret\u00f3 la creaci\u00f3n de la empresa estatal Litio para<\/p>\n","protected":false},"author":4,"featured_media":7367,"comment_status":"closed","ping_status":"closed","sticky":false,"template":"","format":"standard","meta":{"colormag_page_container_layout":"default_layout","colormag_page_sidebar_layout":"default_layout","_jetpack_memberships_contains_paid_content":false,"footnotes":"","jetpack_publicize_message":"","jetpack_publicize_feature_enabled":true,"jetpack_social_post_already_shared":false,"jetpack_social_options":{"image_generator_settings":{"template":"highway","default_image_id":0,"font":"","enabled":false},"version":2}},"categories":[4],"tags":[65,1283,1284,163,162],"class_list":["post-7365","post","type-post","status-publish","format-standard","has-post-thumbnail","hentry","category-nacional","tag-andres-manuel-lopez-obrador","tag-litio-mexico","tag-litiomx","tag-rocio-nahle","tag-sener"],"jetpack_publicize_connections":[],"jetpack_featured_media_url":"https:\/\/noticiasveracruz.com\/wp-content\/uploads\/2022\/08\/P-EMPRESAMEX-LITIO-1.png","jetpack_sharing_enabled":true,"publishpress_future_action":{"enabled":false,"date":"2026-05-07 00:00:06","action":"change-status","newStatus":"draft","terms":[],"taxonomy":"category","extraData":[]},"publishpress_future_workflow_manual_trigger":{"enabledWorkflows":[]},"_links":{"self":[{"href":"https:\/\/noticiasveracruz.com\/index.php\/wp-json\/wp\/v2\/posts\/7365","targetHints":{"allow":["GET"]}}],"collection":[{"href":"https:\/\/noticiasveracruz.com\/index.php\/wp-json\/wp\/v2\/posts"}],"about":[{"href":"https:\/\/noticiasveracruz.com\/index.php\/wp-json\/wp\/v2\/types\/post"}],"author":[{"embeddable":true,"href":"https:\/\/noticiasveracruz.com\/index.php\/wp-json\/wp\/v2\/users\/4"}],"replies":[{"embeddable":true,"href":"https:\/\/noticiasveracruz.com\/index.php\/wp-json\/wp\/v2\/comments?post=7365"}],"version-history":[{"count":0,"href":"https:\/\/noticiasveracruz.com\/index.php\/wp-json\/wp\/v2\/posts\/7365\/revisions"}],"wp:featuredmedia":[{"embeddable":true,"href":"https:\/\/noticiasveracruz.com\/index.php\/wp-json\/wp\/v2\/media\/7367"}],"wp:attachment":[{"href":"https:\/\/noticiasveracruz.com\/index.php\/wp-json\/wp\/v2\/media?parent=7365"}],"wp:term":[{"taxonomy":"category","embeddable":true,"href":"https:\/\/noticiasveracruz.com\/index.php\/wp-json\/wp\/v2\/categories?post=7365"},{"taxonomy":"post_tag","embeddable":true,"href":"https:\/\/noticiasveracruz.com\/index.php\/wp-json\/wp\/v2\/tags?post=7365"}],"curies":[{"name":"wp","href":"https:\/\/api.w.org\/{rel}","templated":true}]}}