{"id":7361,"date":"2022-08-24T06:36:41","date_gmt":"2022-08-24T11:36:41","guid":{"rendered":"https:\/\/noticiasveracruz.com\/?p=7361"},"modified":"2022-08-24T06:48:06","modified_gmt":"2022-08-24T11:48:06","slug":"una-mujer-para-edomex","status":"publish","type":"post","link":"https:\/\/noticiasveracruz.com\/index.php\/2022\/08\/24\/una-mujer-para-edomex\/","title":{"rendered":"Una mujer para Edomex"},"content":{"rendered":"<p>&nbsp;<\/p>\n<p class=\"p1\"><span style=\"font-size: 18pt;\"><b>Por \u00c1ngel \u00c1lvaro Pe\u00f1a<\/b><\/span><\/p>\n<p class=\"p1\"><span style=\"font-size: 14pt;\">En las elecciones del Estado de M\u00e9xico del pr\u00f3ximo 5 de junio aparece la figura de <strong>Alejandra del Moral<\/strong>, como candidata del PRI para representar a las fuerzas m\u00e1s s\u00f3lidas de la entidad. Con ella como abanderada el tricolor no necesitar\u00eda de la alianza opositora, aunque seguramente la encaminar\u00eda hacia el triunfo.<\/span><\/p>\n<p class=\"p1\"><span style=\"font-size: 14pt;\">Son momentos cr\u00edticos de la alianza opositora, de tal suerte que lo m\u00e1s conveniente es buscar con candidatos propios la gubernatura del Estado de M\u00e9xico. El PAN se deshace y el PRD ya se deshizo. Sin momento de dejar atr\u00e1s la alianza que s\u00f3lo represent\u00f3 un retroceso electoral muy grave para los partidos que la integraron con el objetivo de ganar, resultando en realidad, lo contrario.<\/span><\/p>\n<p class=\"p1\"><span style=\"font-size: 18pt;\"><strong><span style=\"color: #e42d33;\">Alejandra del Moral<\/span> fue responsable del pri\u00edsmo en el Estado de M\u00e9xico, renovando estructuras y realizando un trabajo que hac\u00eda a\u00f1os no se realizaba en la entidad que es el principal basti\u00f3n del PRI en el pa\u00eds, no s\u00f3lo es la candidata del actual gobernador, Alfredo del Mazo Maza, primo de Enrique Pe\u00f1a Nieto, sino que el Grupo Atlacomulco la apoya de manera un\u00e1nime para este cargo de gran trascendencia en el pa\u00eds.<\/strong><\/span><\/p>\n<p>&nbsp;<\/p>\n<p><img loading=\"lazy\" decoding=\"async\" class=\"aligncenter wp-image-9293 size-large\" src=\"https:\/\/politicosaldesnudo.com.mx\/wp-content\/uploads\/2022\/08\/P-ALEJANDRADEL-MORAL1-1024x573.png\" alt=\"\" width=\"800\" height=\"448\" \/><\/p>\n<p>&nbsp;<\/p>\n<p class=\"p1\"><span style=\"font-size: 18pt;\"><strong>Es una <span style=\"color: #e42d33;\">persona dedicada de tiempo completo a la pol\u00edtica<\/span>, su esposo, con quien se cas\u00f3 el pasado 29 de julio, es diputado de Tlaxcala, hijo de quien fuera gobernador de esa entidad, Mariano Gonz\u00e1lez Zarur; es decir, su vida transcurre alrededor de la actividad social y del conocimiento de la administraci\u00f3n p\u00fablica.<\/strong><\/span><\/p>\n<p class=\"p1\"><span style=\"font-size: 14pt;\">El padrino de su boda fue el actual gobernador, en una reuni\u00f3n de pol\u00edticos del todo el pa\u00eds que sumaban 200 personas que atestiguaron esta uni\u00f3n, entre quienes se encontraba la plana mayor del PRI nacional. Alejandra cuenta con un verdadero ej\u00e9rcito de mujeres de 550 mil beneficiarias de la tarjeta rosa, con quienes cuenta no s\u00f3lo para la campa\u00f1a y su voto sino como promotoras de una verdadera ola de apoyo proselitista.<\/span><\/p>\n<p>&nbsp;<\/p>\n<p><img loading=\"lazy\" decoding=\"async\" class=\"aligncenter wp-image-9294 size-large\" src=\"https:\/\/politicosaldesnudo.com.mx\/wp-content\/uploads\/2022\/08\/P-ALEJANDRADEL-MORAL2-1024x573.png\" alt=\"\" width=\"800\" height=\"448\" \/><\/p>\n<p>&nbsp;<\/p>\n<p class=\"p1\"><span style=\"font-size: 18pt;\"><strong>En el <span style=\"color: #e42d33;\">Estado de M\u00e9xico seis de cada 10 beneficiarios de los programas sociales son mujeres<\/span>, y Alejandra del Moral Vela cuenta con ellas. El basti\u00f3n m\u00e1s importante del PRI, el llamado laboratorio electoral, debe ser peleado por una mujer priista, porque no le funciona estar en la alianza porque de no ser de ese partido el candidato, ya perdi\u00f3 el estado.<\/strong><\/span><\/p>\n<p class=\"p1\"><span style=\"font-size: 14pt;\">Podr\u00eda negociarse, desde ahora, a la candidata del Edomex, que deba ser el PRI a cambio de que el candidato a la Presidencia de la Rep\u00fablica sea el PAN. Las alianzas s\u00f3lo funcionan en la presidenciables, porque dentro de los estados hay quienes rechazan esa coalici\u00f3n y en lugar de votar convencidos por el partido de siempre, votan en contra a causa de la alianza.<\/span><\/p>\n<p class=\"p1\"><span style=\"font-size: 18pt;\"><strong>El PAN insiste en colocar en la candidatura hacia el gobierno del Estado de M\u00e9xico a un verdadero delincuente, que ha estado preso por pegarle a su t\u00eda, por amenazar a polic\u00edas con un arma de fuego, por armar peleas en bares, etc. As\u00ed que ese partido deber\u00eda plegarse a l PRI en caso de conformar la alianza. Es lo que m\u00e1s le conviene.<\/strong><\/span><\/p>\n<p class=\"p1\"><span style=\"font-size: 14pt;\">Alejandra del Moral tiene apoyos dentro y fuera del partido, puede ganar las elecciones trabajando como ella sabe y vincul\u00e1ndose con las fuerzas sociales de la entidad.<\/span><\/p>\n<p>&nbsp;<\/p>\n<p class=\"p1\"><span style=\"color: #e42d33;\"><strong><span style=\"font-size: 18pt;\">PEGA Y CORRE<\/span><\/strong><\/span><\/p>\n<p class=\"p1\"><span style=\"font-size: 14pt;\">Otro compa\u00f1ero periodista asesinado, esta vez en Chilpancingo, Guerrero, se trata de Freddy Rom\u00e1n, fue asesinado de dos disparos contra quien fuera columnista y director del medio La Realidad.<\/span><\/p>\n<p>&nbsp;<\/p>\n<p>&nbsp;<\/p>\n<p class=\"p1\"><span style=\"font-size: 18pt;\"><strong>Esta columna se publica los lunes, mi\u00e9rcoles y viernes<\/strong><\/span><\/p>\n<p>&nbsp;<\/p>\n<p><span style=\"font-size: 18pt; color: #e42d33;\"><em><strong>**Las columnas firmadas en este medio son responsabilidad de quienes las firman**<\/strong><\/em><\/span><\/p>\n<p>&nbsp;<\/p>\n","protected":false},"excerpt":{"rendered":"<p>&nbsp; Por \u00c1ngel \u00c1lvaro Pe\u00f1a En las elecciones del Estado de M\u00e9xico del pr\u00f3ximo 5 de junio aparece la figura<\/p>\n","protected":false},"author":4,"featured_media":3187,"comment_status":"closed","ping_status":"closed","sticky":false,"template":"","format":"standard","meta":{"colormag_page_container_layout":"default_layout","colormag_page_sidebar_layout":"default_layout","_jetpack_memberships_contains_paid_content":false,"footnotes":"","jetpack_publicize_message":"","jetpack_publicize_feature_enabled":true,"jetpack_social_post_already_shared":false,"jetpack_social_options":{"image_generator_settings":{"template":"highway","default_image_id":0,"font":"","enabled":false},"version":2}},"categories":[6],"tags":[1282,210,347,194],"class_list":["post-7361","post","type-post","status-publish","format-standard","has-post-thumbnail","hentry","category-columnistas","tag-alejandra-del-moral","tag-atlacomulco","tag-estado-de-mexico","tag-pri"],"jetpack_publicize_connections":[],"jetpack_featured_media_url":"https:\/\/noticiasveracruz.com\/wp-content\/uploads\/2022\/04\/A\u0301NGEL-A\u0301LVARO-PEN\u0303A.png","jetpack_sharing_enabled":true,"publishpress_future_action":{"enabled":false,"date":"2026-05-06 21:35:47","action":"change-status","newStatus":"draft","terms":[],"taxonomy":"category","extraData":[]},"publishpress_future_workflow_manual_trigger":{"enabledWorkflows":[]},"_links":{"self":[{"href":"https:\/\/noticiasveracruz.com\/index.php\/wp-json\/wp\/v2\/posts\/7361","targetHints":{"allow":["GET"]}}],"collection":[{"href":"https:\/\/noticiasveracruz.com\/index.php\/wp-json\/wp\/v2\/posts"}],"about":[{"href":"https:\/\/noticiasveracruz.com\/index.php\/wp-json\/wp\/v2\/types\/post"}],"author":[{"embeddable":true,"href":"https:\/\/noticiasveracruz.com\/index.php\/wp-json\/wp\/v2\/users\/4"}],"replies":[{"embeddable":true,"href":"https:\/\/noticiasveracruz.com\/index.php\/wp-json\/wp\/v2\/comments?post=7361"}],"version-history":[{"count":0,"href":"https:\/\/noticiasveracruz.com\/index.php\/wp-json\/wp\/v2\/posts\/7361\/revisions"}],"wp:featuredmedia":[{"embeddable":true,"href":"https:\/\/noticiasveracruz.com\/index.php\/wp-json\/wp\/v2\/media\/3187"}],"wp:attachment":[{"href":"https:\/\/noticiasveracruz.com\/index.php\/wp-json\/wp\/v2\/media?parent=7361"}],"wp:term":[{"taxonomy":"category","embeddable":true,"href":"https:\/\/noticiasveracruz.com\/index.php\/wp-json\/wp\/v2\/categories?post=7361"},{"taxonomy":"post_tag","embeddable":true,"href":"https:\/\/noticiasveracruz.com\/index.php\/wp-json\/wp\/v2\/tags?post=7361"}],"curies":[{"name":"wp","href":"https:\/\/api.w.org\/{rel}","templated":true}]}}