{"id":7349,"date":"2022-08-23T19:35:40","date_gmt":"2022-08-24T00:35:40","guid":{"rendered":"https:\/\/noticiasveracruz.com\/?p=7349"},"modified":"2022-08-23T21:22:06","modified_gmt":"2022-08-24T02:22:06","slug":"inician-en-el-norte-segalmex-entrega-semillas-de-frijol-a-productores","status":"publish","type":"post","link":"https:\/\/noticiasveracruz.com\/index.php\/2022\/08\/23\/inician-en-el-norte-segalmex-entrega-semillas-de-frijol-a-productores\/","title":{"rendered":"Segalmex\u00a0entrega semillas de frijol a productores de Zacatecas, Durango y Chihuahua"},"content":{"rendered":"<p>&nbsp;<\/p>\n<p class=\"p1\"><span style=\"font-size: 14pt;\"><em><strong>CIUDAD DE M\u00c9XICO.<\/strong><\/em> <strong>Seguridad Alimentaria Mexicana<\/strong> (Segalmex) a trav\u00e9s del Programa de Apoyo con Grano de Frijol apto para Siembra, correspondiente al ciclo primavera-verano 2022, empez\u00f3 a entregar semilla a productores de frijol de peque\u00f1a escala en Zacatecas, Durango y Chihuahua.<\/span><\/p>\n<p class=\"p1\"><span style=\"font-size: 18pt;\"><strong>Este programa consiste en que Segalmex presta semilla de grano de frijol a productores elegibles, quienes son atendidos en cualquiera de los 18 centros de distribuci\u00f3n habilitados para efectuar este proceso.<\/strong><\/span><\/p>\n<p class=\"p1\"><span style=\"font-size: 14pt;\">En un comunicado indic\u00f3 que las variedades disponibles son Pinto Saltillo para agricultores de Chihuahua; Pinto Saltillo y Negro San Luis, para los de Durango y Negro San Luis para productores de Zacatecas, quienes al recibir el pr\u00e9stamo de grano, se comprometen a devolverlo en especie cuando recojan sus respectivas cosechas.<\/span><\/p>\n<p>&nbsp;<\/p>\n<p><img loading=\"lazy\" decoding=\"async\" class=\"aligncenter wp-image-9280 size-large\" src=\"https:\/\/politicosaldesnudo.com.mx\/wp-content\/uploads\/2022\/08\/P-FRIJOL2-1024x573.png\" alt=\"\" width=\"800\" height=\"448\" \/><\/p>\n<p>&nbsp;<\/p>\n<p class=\"p1\"><span style=\"font-size: 14pt;\">Este esquema, que opera en el marco del programa Precios de Garant\u00eda a Productos Alimentarios B\u00e1sicos, cerrar\u00e1 operaciones el 27 de agosto, por lo que el organismo hizo un llamado a los productores para que acudan a registrarse, con la documentaci\u00f3n requerida, a los centros de distribuci\u00f3n.<\/span><\/p>\n<p class=\"p1\"><span style=\"font-size: 18pt;\"><strong>Agreg\u00f3 que el programa que opera Segalmex s\u00f3lo se reservar\u00e1 el derecho de no prestar grano a los agricultores que no hayan regresado, desde ciclos anteriores, la cantidad de semilla prestada.<\/strong><\/span><\/p>\n<p class=\"p1\"><span style=\"font-size: 14pt;\">La devoluci\u00f3n de grano deber\u00e1 ser por la misma cantidad y variedad de frijol recibida. De no ser as\u00ed, la reintegraci\u00f3n del mismo al Programa Precios de Garant\u00eda de Segalmex deber\u00e1 ser de manera econ\u00f3mica.<\/span><\/p>\n<p>&nbsp;<\/p>\n<p>&nbsp;<\/p>\n","protected":false},"excerpt":{"rendered":"<p>&nbsp; CIUDAD DE M\u00c9XICO. Seguridad Alimentaria Mexicana (Segalmex) a trav\u00e9s del Programa de Apoyo con Grano de Frijol apto para<\/p>\n","protected":false},"author":4,"featured_media":7350,"comment_status":"closed","ping_status":"closed","sticky":false,"template":"","format":"standard","meta":{"colormag_page_container_layout":"default_layout","colormag_page_sidebar_layout":"default_layout","_jetpack_memberships_contains_paid_content":false,"footnotes":"","jetpack_publicize_message":"","jetpack_publicize_feature_enabled":true,"jetpack_social_post_already_shared":false,"jetpack_social_options":{"image_generator_settings":{"template":"highway","default_image_id":0,"font":"","enabled":false},"version":2}},"categories":[145],"tags":[1279,1280,1278],"class_list":["post-7349","post","type-post","status-publish","format-standard","has-post-thumbnail","hentry","category-estados","tag-frijol","tag-productores","tag-segalmex"],"jetpack_publicize_connections":[],"jetpack_featured_media_url":"https:\/\/noticiasveracruz.com\/wp-content\/uploads\/2022\/08\/P-FRIJOL.png","jetpack_sharing_enabled":true,"publishpress_future_action":{"enabled":false,"date":"2026-05-06 20:03:58","action":"change-status","newStatus":"draft","terms":[],"taxonomy":"category","extraData":[]},"publishpress_future_workflow_manual_trigger":{"enabledWorkflows":[]},"_links":{"self":[{"href":"https:\/\/noticiasveracruz.com\/index.php\/wp-json\/wp\/v2\/posts\/7349","targetHints":{"allow":["GET"]}}],"collection":[{"href":"https:\/\/noticiasveracruz.com\/index.php\/wp-json\/wp\/v2\/posts"}],"about":[{"href":"https:\/\/noticiasveracruz.com\/index.php\/wp-json\/wp\/v2\/types\/post"}],"author":[{"embeddable":true,"href":"https:\/\/noticiasveracruz.com\/index.php\/wp-json\/wp\/v2\/users\/4"}],"replies":[{"embeddable":true,"href":"https:\/\/noticiasveracruz.com\/index.php\/wp-json\/wp\/v2\/comments?post=7349"}],"version-history":[{"count":0,"href":"https:\/\/noticiasveracruz.com\/index.php\/wp-json\/wp\/v2\/posts\/7349\/revisions"}],"wp:featuredmedia":[{"embeddable":true,"href":"https:\/\/noticiasveracruz.com\/index.php\/wp-json\/wp\/v2\/media\/7350"}],"wp:attachment":[{"href":"https:\/\/noticiasveracruz.com\/index.php\/wp-json\/wp\/v2\/media?parent=7349"}],"wp:term":[{"taxonomy":"category","embeddable":true,"href":"https:\/\/noticiasveracruz.com\/index.php\/wp-json\/wp\/v2\/categories?post=7349"},{"taxonomy":"post_tag","embeddable":true,"href":"https:\/\/noticiasveracruz.com\/index.php\/wp-json\/wp\/v2\/tags?post=7349"}],"curies":[{"name":"wp","href":"https:\/\/api.w.org\/{rel}","templated":true}]}}