{"id":7338,"date":"2022-08-23T16:13:09","date_gmt":"2022-08-23T21:13:09","guid":{"rendered":"https:\/\/noticiasveracruz.com\/?p=7338"},"modified":"2022-08-23T16:13:09","modified_gmt":"2022-08-23T21:13:09","slug":"tuxpan-epicentro-de-la-transformacion-de-escuelas-normales-en-mexico","status":"publish","type":"post","link":"https:\/\/noticiasveracruz.com\/index.php\/2022\/08\/23\/tuxpan-epicentro-de-la-transformacion-de-escuelas-normales-en-mexico\/","title":{"rendered":"Tuxpan, epicentro de la Transformaci\u00f3n de escuelas normales en M\u00e9xico"},"content":{"rendered":"<p>&nbsp;<\/p>\n<p class=\"p1\"><span style=\"font-size: 14pt;\"><em><strong>TUXPAN, VERACRUZ.<\/strong> <\/em>Ante la presencia de autoridades federales, estatales y municipales, y maestras y maestros representantes de las escuelas normales de los 32 estados del pa\u00eds, se llev\u00f3 a cabo la <span style=\"color: #e42d33;\"><strong>\u00abPresentaci\u00f3n del Codise\u00f1o de los Planes y Programas para Educaci\u00f3n Normal 2022 (Regresar a la Comunidad)\u00bb<\/strong><\/span>, en las instalaciones del Centro Regional de Educaci\u00f3n Normal (CREN) \u00abDr. Gonzalo Aguirre Beltr\u00e1n, en Tuxpan, Veracruz.<\/span><\/p>\n<p>&nbsp;<\/p>\n<p><img loading=\"lazy\" decoding=\"async\" class=\"aligncenter wp-image-9266 size-large\" src=\"https:\/\/politicosaldesnudo.com.mx\/wp-content\/uploads\/2022\/08\/P-ESCUELASNORMALES-2-1024x573.png\" alt=\"\" width=\"800\" height=\"448\" \/><\/p>\n<p>&nbsp;<\/p>\n<blockquote>\n<p class=\"p1\"><span style=\"font-size: 14pt;\">Hoy M\u00e9xico est\u00e1 de fiesta, Tuxpan es el epicentro de la gran transformaci\u00f3n de las escuelas normales, producto de un consenso nacional nunca antes visto, un acuerdo donde cupo la visi\u00f3n de todas y todos\u201d, se\u00f1al\u00f3 en un mensaje virtual la Mtra. Delfina G\u00f3mez. <\/span><\/p>\n<\/blockquote>\n<p class=\"p1\"><span style=\"font-size: 18pt;\"><strong>En ese sentido, felicit\u00f3 a los m\u00e1s de mil maestras y maestros que con talento, conocimiento, y pasi\u00f3n elaboraron este gran proyecto, ya que a trav\u00e9s de \u00e9l la comunidad normalista le comparte a M\u00e9xico un esfuerzo que se cristaliza en planes de educaci\u00f3n normal m\u00e1s pertinentes para un M\u00e9xico justo, que formar\u00e1n individuos informados, responsables, honrados, comprometidos y honestos.<\/strong><\/span><\/p>\n<p class=\"p1\"><span style=\"font-size: 18pt;\"><strong>Agradeci\u00f3 a los docentes normalistas por ser ejemplo de vocaci\u00f3n y amor educativo en el aula y en sus vidas. <\/strong><\/span><\/p>\n<blockquote>\n<p class=\"p1\"><span style=\"font-size: 14pt;\">Sea hoy la educaci\u00f3n el mecanismo m\u00e1s fino y justo para la movilidad social, para el respeto y promoci\u00f3n de la riqueza ling\u00fc\u00edstica y cultural que hay en todos los rincones de M\u00e9xico\u201d<\/span><\/p>\n<\/blockquote>\n<p><img loading=\"lazy\" decoding=\"async\" class=\"aligncenter wp-image-9267 size-large\" src=\"https:\/\/politicosaldesnudo.com.mx\/wp-content\/uploads\/2022\/08\/P-ESCUELASNORMALES-3-1024x573.png\" alt=\"\" width=\"800\" height=\"448\" \/><\/p>\n<p>&nbsp;<\/p>\n<p><span style=\"font-size: 18pt; color: #e42d33;\"><strong>EDUCACI\u00d3N EN M\u00c9XICO<\/strong><\/span><\/p>\n<p class=\"p1\"><span style=\"font-size: 14pt;\">El evento organizado por la Secretar\u00eda de Educaci\u00f3n P\u00fablica (SEP), en coordinaci\u00f3n con la Secretar\u00eda de Educaci\u00f3n de Veracruz (SEV), estuvo presidido por la Mtra. Delfina G\u00f3mez \u00c1lvarez, secretaria de Educaci\u00f3n P\u00fablica (de manera virtual); la Mtra. Leticia Ram\u00edrez Amaya, titular entrante de la Secretar\u00eda de Educaci\u00f3n P\u00fablica; el Mtro. Zenyazen Escobar Garc\u00eda, secretario de Educaci\u00f3n de Veracruz, en representaci\u00f3n del gobernador Cuitl\u00e1huac Garc\u00eda Jim\u00e9nez, y Jos\u00e9 Manuel Pozos Castro, alcalde de Tuxpan.<\/span><\/p>\n<p class=\"p1\"><span style=\"font-size: 14pt;\">Asimismo, Luciano Concheiro B\u00f3rquez, subsecretario de Educaci\u00f3n Superior de la SEP; Adela Pi\u00f1a Bernal, titular de la Unidad del Sistema para la Carrera de las Maestras y los Maestros; Rosa Mar\u00eda Torres Hern\u00e1ndez, rectora de la Universidad Pedag\u00f3gica Nacional; Marx Arriaga Navarro, director general de Materiales Educativos de la SEP; Mario A. Ch\u00e1vez Campos, director general de Educaci\u00f3n Superior para el Magisterio.<\/span><\/p>\n<p class=\"p1\"><span style=\"font-size: 18pt;\"><strong>El secretario de Educaci\u00f3n de Veracruz, Mtro. Zenyazen Escobar Garc\u00eda, afirm\u00f3 que el proceso educativo no estar\u00eda completo sin los maestros, quienes dan lo mejor de s\u00ed para que los estudiantes tengan una formaci\u00f3n de excelencia, inclusiva e integral. <\/strong><\/span><\/p>\n<blockquote>\n<p class=\"p1\"><span style=\"font-size: 14pt;\">No podr\u00edamos hablar de una transformaci\u00f3n sin hablar de un nuevo sistema educativo en las normales, que permita lograr la educaci\u00f3n que se requiere en nuestros maestros\u201d<\/span><\/p>\n<\/blockquote>\n<p class=\"p1\"><span style=\"font-size: 18pt;\"><strong>Por su parte, el alcalde Jos\u00e9 Manuel Pozos Castro indic\u00f3 que es un honor para Tuxpan ser sede de este evento hist\u00f3rico, en el que se re\u00fanen quienes tienen en sus manos la formaci\u00f3n de las y los maestros de M\u00e9xico.<\/strong><\/span><\/p>\n<p>&nbsp;<\/p>\n<p><img loading=\"lazy\" decoding=\"async\" class=\"aligncenter wp-image-9269 size-large\" src=\"https:\/\/politicosaldesnudo.com.mx\/wp-content\/uploads\/2022\/08\/P-ESCUELASNORMALES-6-1024x573.png\" alt=\"\" width=\"800\" height=\"448\" \/><\/p>\n<p>&nbsp;<\/p>\n<p class=\"p1\"><span style=\"font-size: 18pt;\"><strong>Asegur\u00f3 que este proyecto tit\u00e1nico cuenta con el respaldo del municipio, porque dar\u00e1 nuevas oportunidades educativas patri\u00f3ticas para fortalecer la soberan\u00eda de pa\u00eds.\u00a0<\/strong><\/span><\/p>\n<blockquote>\n<p class=\"p1\"><span style=\"font-size: 14pt;\">Tuxpan es muestra de que la transformaci\u00f3n llega a todos los rincones de M\u00e9xico\u201d<\/span><\/p>\n<\/blockquote>\n<p class=\"p1\"><span style=\"font-size: 18pt;\"><strong>La Mtra. Leticia Ram\u00edrez Amaya, titular entrante de la Secretar\u00eda de Educaci\u00f3n P\u00fablica, recalc\u00f3 que este <span style=\"color: #e42d33;\">proyecto anuncia una esperanza por una educaci\u00f3n que transforme a ciudadanas y ciudadanos<\/span>, haci\u00e9ndolos cr\u00edticos, participativos, agentes del cambio, para seguir en la transformaci\u00f3n de M\u00e9xico. <\/strong><\/span><\/p>\n<p>&nbsp;<\/p>\n<p><img loading=\"lazy\" decoding=\"async\" class=\"aligncenter wp-image-9268\" src=\"https:\/\/politicosaldesnudo.com.mx\/wp-content\/uploads\/2022\/08\/P-ESCUELASNORMALES-4-260x300.png\" alt=\"\" width=\"600\" height=\"693\" \/><\/p>\n<p>&nbsp;<\/p>\n<p class=\"p1\"><span style=\"font-size: 14pt;\">Adem\u00e1s de los mensajes de las autoridades, se presentaron n\u00fameros art\u00edsticos y culturales a cargo de las y los estudiantes que participaron en el Primer Encuentro Art\u00edstico y Cultural de las Escuelas normales de la Regi\u00f3n Huasteca.<\/span><\/p>\n<p class=\"p1\"><span style=\"font-size: 18pt;\"><strong>Para finalizar se devel\u00f3 una placa con la leyenda: \u201cAqu\u00ed, en la ribera del r\u00edo Tuxpan inicia la revoluci\u00f3n de conciencias desde las aulas de M\u00e9xico. \u00abPresentaci\u00f3n del Codise\u00f1o de los Planes y Programas para Educaci\u00f3n Normal 2022 (Regresar a la Comunidad)\u00bb.<\/strong><\/span><\/p>\n<p class=\"p1\"><span style=\"font-size: 14pt;\">En el evento tambi\u00e9n estuvieron presentes ediles del Ayuntamiento de Tuxpan;<span class=\"Apple-converted-space\">\u00a0 <\/span>Jos\u00e9 Manuel Guido Romero, comandante de la Fuerza Naval del Golfo; el Dr. \u00c1ngel D\u00edaz Barriga, investigador em\u00e9rito del Instituto de investigaciones sobre la Universidad y la Educaci\u00f3n, y asesor del Congreso Nacional de Delegadas y Delegados de las Escuelas Normales P\u00fablicas; el Mtro. Edgar Alfonso Orozco Mendoza, coordinador de la Junta del Consejo Nacional de Autoridades de Educaci\u00f3n Normal; Manuel Eduardo Loya Vela, presidente estudiantil del Comit\u00e9 Ejecutivo Normalista del CREN; y la diputada Flora Tania Cruz Santos, presidenta de la Comisi\u00f3n de Educaci\u00f3n de la LXV Legislatura de la C\u00e1mara de Diputados.<\/span><\/p>\n<p>&nbsp;<\/p>\n<p><img loading=\"lazy\" decoding=\"async\" class=\"aligncenter wp-image-9270 size-large\" src=\"https:\/\/politicosaldesnudo.com.mx\/wp-content\/uploads\/2022\/08\/P-ESCUELASNORMALES-7-1024x573.png\" alt=\"\" width=\"800\" height=\"448\" \/><\/p>\n<p>&nbsp;<\/p>\n<p>&nbsp;<\/p>\n<p>&nbsp;<\/p>\n","protected":false},"excerpt":{"rendered":"<p>&nbsp; TUXPAN, VERACRUZ. Ante la presencia de autoridades federales, estatales y municipales, y maestras y maestros representantes de las escuelas<\/p>\n","protected":false},"author":4,"featured_media":7339,"comment_status":"closed","ping_status":"closed","sticky":false,"template":"","format":"standard","meta":{"colormag_page_container_layout":"default_layout","colormag_page_sidebar_layout":"default_layout","_jetpack_memberships_contains_paid_content":false,"footnotes":"","jetpack_publicize_message":"","jetpack_publicize_feature_enabled":true,"jetpack_social_post_already_shared":false,"jetpack_social_options":{"image_generator_settings":{"template":"highway","default_image_id":0,"font":"","enabled":false},"version":2}},"categories":[145],"tags":[1195,1277,701,1236,1093,72,73],"class_list":["post-7338","post","type-post","status-publish","format-standard","has-post-thumbnail","hentry","category-estados","tag-delfina-gomez","tag-escuela-normales","tag-jose-manuel-pozos","tag-leticia-ramirez","tag-sep","tag-tuxpan","tag-veracruz"],"jetpack_publicize_connections":[],"jetpack_featured_media_url":"https:\/\/noticiasveracruz.com\/wp-content\/uploads\/2022\/08\/P-ESCUELASNORMALES-1.png","jetpack_sharing_enabled":true,"publishpress_future_action":{"enabled":false,"date":"2026-05-06 18:30:35","action":"change-status","newStatus":"draft","terms":[],"taxonomy":"category","extraData":[]},"publishpress_future_workflow_manual_trigger":{"enabledWorkflows":[]},"_links":{"self":[{"href":"https:\/\/noticiasveracruz.com\/index.php\/wp-json\/wp\/v2\/posts\/7338","targetHints":{"allow":["GET"]}}],"collection":[{"href":"https:\/\/noticiasveracruz.com\/index.php\/wp-json\/wp\/v2\/posts"}],"about":[{"href":"https:\/\/noticiasveracruz.com\/index.php\/wp-json\/wp\/v2\/types\/post"}],"author":[{"embeddable":true,"href":"https:\/\/noticiasveracruz.com\/index.php\/wp-json\/wp\/v2\/users\/4"}],"replies":[{"embeddable":true,"href":"https:\/\/noticiasveracruz.com\/index.php\/wp-json\/wp\/v2\/comments?post=7338"}],"version-history":[{"count":0,"href":"https:\/\/noticiasveracruz.com\/index.php\/wp-json\/wp\/v2\/posts\/7338\/revisions"}],"wp:featuredmedia":[{"embeddable":true,"href":"https:\/\/noticiasveracruz.com\/index.php\/wp-json\/wp\/v2\/media\/7339"}],"wp:attachment":[{"href":"https:\/\/noticiasveracruz.com\/index.php\/wp-json\/wp\/v2\/media?parent=7338"}],"wp:term":[{"taxonomy":"category","embeddable":true,"href":"https:\/\/noticiasveracruz.com\/index.php\/wp-json\/wp\/v2\/categories?post=7338"},{"taxonomy":"post_tag","embeddable":true,"href":"https:\/\/noticiasveracruz.com\/index.php\/wp-json\/wp\/v2\/tags?post=7338"}],"curies":[{"name":"wp","href":"https:\/\/api.w.org\/{rel}","templated":true}]}}