{"id":7333,"date":"2022-08-23T15:33:43","date_gmt":"2022-08-23T20:33:43","guid":{"rendered":"https:\/\/noticiasveracruz.com\/?p=7333"},"modified":"2022-08-23T15:37:38","modified_gmt":"2022-08-23T20:37:38","slug":"bmv-emite-bono-de-4-mmdp-para-impulsar-credito-mujer-efectivo-sur","status":"publish","type":"post","link":"https:\/\/noticiasveracruz.com\/index.php\/2022\/08\/23\/bmv-emite-bono-de-4-mmdp-para-impulsar-credito-mujer-efectivo-sur\/","title":{"rendered":"BMV emite bono de 4 mmdp para impulsar cr\u00e9dito Mujer Efectivo Sur"},"content":{"rendered":"<p>&nbsp;<\/p>\n<p class=\"p1\"><span style=\"font-size: 14pt;\"><em><strong>CIUDAD DE M\u00c9XICO.<\/strong> <\/em>Para <strong>promover la inclusi\u00f3n financiera<\/strong>, el <strong>Instituto del Fondo Nacional para el Consumo de los Trabajadores<\/strong> (Fonacot) <strong>emiti\u00f3 un bono social por cuatro mil millones de pesos<\/strong>, destinado a impulsar el financiamiento formal de las personas trabajadoras del pa\u00eds, con \u00e9nfasis en las mujeres de la regi\u00f3n sureste.<\/span><\/p>\n<p class=\"p1\"><span style=\"font-size: 18pt;\"><strong>Mediante este instrumento colocado en la Bolsa Mexicana de Valores (BMV), el <span style=\"color: #e42d33;\">Instituto Fonacot<\/span> ofrecer\u00e1 el <span style=\"color: #e42d33;\">cr\u00e9dito Mujer Efectivo Sur<\/span> con cero por ciento de comisi\u00f3n por apertura, para contribuir a incrementar la capacidad crediticia de trabajadoras en los estados de Campeche, Chiapas, Guerrero, Oaxaca, Puebla, Quintana Roo, Tabasco, Tlaxcala, Veracruz y Yucat\u00e1n.<\/strong><\/span><\/p>\n<p class=\"p1\"><span style=\"font-size: 18pt;\"><strong>Este financiamiento permitir\u00e1 ofrecer a las mujeres que laboran en la regi\u00f3n sureste, <span style=\"color: #e42d33;\">una tasa de inter\u00e9s preferencial ubicada entre el 8.9 y 16.27%<\/span>, por lo que su costo ser\u00e1 sustancialmente menor comparado con cualquier otro cr\u00e9dito de n\u00f3mina que se ofrezca en el mercado.<\/strong><\/span><\/p>\n<p class=\"p1\"><span style=\"font-size: 14pt;\">La ceremonia del campanazo conmemorativo por la emisi\u00f3n fue atestiguada por la secretaria del Trabajo y Previsi\u00f3n Social, Luisa Mar\u00eda Alcalde; el presidente del Consejo de la BMV, Marcos Mart\u00ednez Gavica y el director general de la BMV, Jos\u00e9-Oriol Bosch Parla.<\/span><\/p>\n<p>&nbsp;<\/p>\n<p><img loading=\"lazy\" decoding=\"async\" class=\"aligncenter wp-image-9261 size-large\" src=\"https:\/\/politicosaldesnudo.com.mx\/wp-content\/uploads\/2022\/08\/301296715_622277719266004_2327517119877790605_n-682x1024.jpeg\" alt=\"\" width=\"682\" height=\"1024\" \/><\/p>\n<p>&nbsp;<\/p>\n<p class=\"p1\"><span style=\"font-size: 14pt;\">Ante ellos, la directora general del Fonacot, Laura Fernanda Campa\u00f1a Cerezo, destac\u00f3 que parte importante de los recursos obtenidos por la colocaci\u00f3n ser\u00e1n utilizados con un enfoque de g\u00e9nero a favor de mujeres trabajadoras de entidades con menor participaci\u00f3n crediticia del pa\u00eds.<\/span><\/p>\n<p class=\"p1\"><span style=\"font-size: 18pt;\"><strong>Tambi\u00e9n enfatiz\u00f3 que la sobretasa de 0.18 puntos porcentuales aplicable a esta emisi\u00f3n, fue inferior al promedio de colocaci\u00f3n de deuda por emisoras con la m\u00e1xima calificaci\u00f3n del Instituto en lo que va del a\u00f1o, obteniendo una demanda de m\u00e1s de 9,000 millones de pesos.<\/strong><\/span><\/p>\n<p class=\"p1\"><span style=\"font-size: 14pt;\">Asimismo, subray\u00f3 que el \u00e9xito de esta emisi\u00f3n refleja la confianza de inversionistas hacia el instituto, pues est\u00e1 demostrado que el organismo a su cargo cuenta con una fortaleza financiera en beneficio de quienes m\u00e1s lo necesitan.<\/span><\/p>\n<p>&nbsp;<\/p>\n<p><span style=\"font-size: 18pt; color: #e42d33;\"><strong>DISMINUIR BRECHA DE G\u00c9NERO<\/strong><\/span><\/p>\n<p class=\"p1\"><span style=\"font-size: 14pt;\">Laura Campa\u00f1a destac\u00f3 que la participaci\u00f3n del Fonacot en los esfuerzos del Gobierno Federal para disminuir las brechas de g\u00e9nero, de acceso al cr\u00e9dito y de desarrollo regional, adquiere especial releva ncia con la colocaci\u00f3n de este bono social.<\/span><\/p>\n<blockquote>\n<p class=\"p1\"><span style=\"font-size: 14pt;\">El Fonacot mantiene su objetivo de impulsar el bienestar de las personas trabajadoras y en especial de aquellas que por cuestiones de g\u00e9nero se han visto afectadas. Los recursos de esta emisi\u00f3n van directamente a ellas no s\u00f3lo para incrementar su participaci\u00f3n en el mercado del financiamiento, sino para mejorar a\u00fan m\u00e1s las condiciones en las que adquieren sus cr\u00e9ditos.<\/span><\/p>\n<\/blockquote>\n<p>&nbsp;<\/p>\n<p><img loading=\"lazy\" decoding=\"async\" class=\"aligncenter wp-image-9259 size-large\" src=\"https:\/\/politicosaldesnudo.com.mx\/wp-content\/uploads\/2022\/08\/P-FONACOT-1-1024x573.png\" alt=\"\" width=\"800\" height=\"448\" \/><\/p>\n<p>&nbsp;<\/p>\n<p class=\"p1\"><span style=\"font-size: 14pt;\">En su participaci\u00f3n, la titular de la STPS expres\u00f3 su benepl\u00e1cito por impulsar el cr\u00e9dito Mujer Efectivo Sur para las mujeres trabajadoras del sur-sureste de M\u00e9xico, \u201cel dise\u00f1o de este instrumento contribuir\u00e1 a cerrar dos brechas hist\u00f3ricas de nuestro pa\u00eds: una regional, y otra en raz\u00f3n de g\u00e9nero\u201d, asegur\u00f3.<\/span><\/p>\n<p class=\"p1\"><span style=\"font-size: 14pt;\">Explic\u00f3 que no son coincidencia que los grandes proyectos de infraestructura como el Tren Maya, la Refiner\u00eda en Dos Bocas y el Corredor Interoce\u00e1nico se ubiquen en estos estados, agreg\u00f3, \u201cson inversiones encaminadas a lograr una justicia regional y abatir los rezagos hist\u00f3ricos\u201d.<\/span><\/p>\n<p class=\"p1\"><span style=\"font-size: 18pt;\"><strong>La emisi\u00f3n de los bonos da cuenta de la confianza que los inversionistas han depositado en una instituci\u00f3n con finanzas sanas, as\u00ed como el compromiso social que definen su actuar, precis\u00f3 Luisa Mar\u00eda Alcalde.<\/strong><\/span><\/p>\n<blockquote>\n<p class=\"p1\"><span style=\"font-size: 14pt;\">El Instituto Fonacot es uno de los emisores m\u00e1s activos en la Bolsa Mexicana de Valores y que despierta el inter\u00e9s por parte del p\u00fablico inversionista por el apoyo en temas de inclusi\u00f3n de la sociedad en el sistema financiero. Por ello, felicitamos al Instituto por esta exitosa colocaci\u00f3n y por ser un ejemplo de opciones alternativas de financiamiento en el pa\u00eds\u201d, coment\u00f3 Jos\u00e9-Oriol Bosch, director general de la BMV.<\/span><\/p>\n<\/blockquote>\n<p>&nbsp;<\/p>\n<p>&nbsp;<\/p>\n<p>&nbsp;<\/p>\n<p>&nbsp;<\/p>\n<p>&nbsp;<\/p>\n","protected":false},"excerpt":{"rendered":"<p>&nbsp; CIUDAD DE M\u00c9XICO. Para promover la inclusi\u00f3n financiera, el Instituto del Fondo Nacional para el Consumo de los Trabajadores<\/p>\n","protected":false},"author":4,"featured_media":7335,"comment_status":"closed","ping_status":"closed","sticky":false,"template":"","format":"standard","meta":{"colormag_page_container_layout":"default_layout","colormag_page_sidebar_layout":"default_layout","_jetpack_memberships_contains_paid_content":false,"footnotes":"","jetpack_publicize_message":"","jetpack_publicize_feature_enabled":true,"jetpack_social_post_already_shared":false,"jetpack_social_options":{"image_generator_settings":{"template":"highway","default_image_id":0,"font":"","enabled":false},"version":2}},"categories":[4],"tags":[1275,1276,1274,73],"class_list":["post-7333","post","type-post","status-publish","format-standard","has-post-thumbnail","hentry","category-nacional","tag-bmv","tag-credito-mujer-efectivo-sur","tag-fonacot","tag-veracruz"],"jetpack_publicize_connections":[],"jetpack_featured_media_url":"https:\/\/noticiasveracruz.com\/wp-content\/uploads\/2022\/08\/P-FONACOT-2.png","jetpack_sharing_enabled":true,"publishpress_future_action":{"enabled":false,"date":"2026-05-06 17:45:49","action":"change-status","newStatus":"draft","terms":[],"taxonomy":"category","extraData":[]},"publishpress_future_workflow_manual_trigger":{"enabledWorkflows":[]},"_links":{"self":[{"href":"https:\/\/noticiasveracruz.com\/index.php\/wp-json\/wp\/v2\/posts\/7333","targetHints":{"allow":["GET"]}}],"collection":[{"href":"https:\/\/noticiasveracruz.com\/index.php\/wp-json\/wp\/v2\/posts"}],"about":[{"href":"https:\/\/noticiasveracruz.com\/index.php\/wp-json\/wp\/v2\/types\/post"}],"author":[{"embeddable":true,"href":"https:\/\/noticiasveracruz.com\/index.php\/wp-json\/wp\/v2\/users\/4"}],"replies":[{"embeddable":true,"href":"https:\/\/noticiasveracruz.com\/index.php\/wp-json\/wp\/v2\/comments?post=7333"}],"version-history":[{"count":0,"href":"https:\/\/noticiasveracruz.com\/index.php\/wp-json\/wp\/v2\/posts\/7333\/revisions"}],"wp:featuredmedia":[{"embeddable":true,"href":"https:\/\/noticiasveracruz.com\/index.php\/wp-json\/wp\/v2\/media\/7335"}],"wp:attachment":[{"href":"https:\/\/noticiasveracruz.com\/index.php\/wp-json\/wp\/v2\/media?parent=7333"}],"wp:term":[{"taxonomy":"category","embeddable":true,"href":"https:\/\/noticiasveracruz.com\/index.php\/wp-json\/wp\/v2\/categories?post=7333"},{"taxonomy":"post_tag","embeddable":true,"href":"https:\/\/noticiasveracruz.com\/index.php\/wp-json\/wp\/v2\/tags?post=7333"}],"curies":[{"name":"wp","href":"https:\/\/api.w.org\/{rel}","templated":true}]}}