{"id":7321,"date":"2022-08-23T07:16:19","date_gmt":"2022-08-23T12:16:19","guid":{"rendered":"https:\/\/noticiasveracruz.com\/?p=7321"},"modified":"2022-08-23T07:16:19","modified_gmt":"2022-08-23T12:16:19","slug":"ramon-jimenez-lopez-deja-rtp-hoy-es-el-nuevo-director-de-tecnm","status":"publish","type":"post","link":"https:\/\/noticiasveracruz.com\/index.php\/2022\/08\/23\/ramon-jimenez-lopez-deja-rtp-hoy-es-el-nuevo-director-de-tecnm\/","title":{"rendered":"Ram\u00f3n Jim\u00e9nez L\u00f3pez deja RTP, hoy es el nuevo director de TecNM"},"content":{"rendered":"<p>&nbsp;<\/p>\n<p class=\"p1\"><span style=\"font-size: 14pt;\"><em><strong>CIUDAD DE M\u00c9XICO.<\/strong> <\/em><strong>Ram\u00f3n Jim\u00e9nez L\u00f3pez <\/strong>dej\u00f3 la direcci\u00f3n general de la Red de Transporte de Pasajeros (RTP) para integrarse al <strong>Tecnol\u00f3gico Nacional de M\u00e9xico de la Secretar\u00eda de Educaci\u00f3n P\u00fablica<\/strong> (SEP) del Gobierno federal, inform\u00f3 la jefa de Gobierno, Claudia Sheinbaum .<\/span><\/p>\n<blockquote>\n<p class=\"p1\"><span style=\"font-size: 14pt;\">El profesor Ram\u00f3n Jim\u00e9nez fue llamado por el presidente de la Rep\u00fablica y por la Secretar\u00eda de Educaci\u00f3n P\u00fablica para encabezar el Tecnol\u00f3gico Nacional de M\u00e9xico, es una instituci\u00f3n educativa muy importante del pa\u00eds con 600 mil estudiantes\u00bb<\/span><\/p>\n<\/blockquote>\n<p class=\"p1\"><span style=\"font-size: 14pt;\">En la entrega de patrullas en la alcald\u00eda Cuajimalpa, Sheinbaum mencion\u00f3 que por el momento\u00a0en RTP hay un encargado de despacho\u00a0pero que se encuentran por definir el nuevo director.<\/span><\/p>\n<p><img loading=\"lazy\" decoding=\"async\" class=\"aligncenter wp-image-9245 size-large\" src=\"https:\/\/politicosaldesnudo.com.mx\/wp-content\/uploads\/2022\/08\/P-RAMO\u0301NJIMENEZ-TECNM2-1024x573.png\" alt=\"\" width=\"800\" height=\"448\" \/><\/p>\n<p>&nbsp;<\/p>\n<p class=\"p1\"><span style=\"font-size: 18pt;\"><strong>Seg\u00fan la p\u00e1gina del Tecnol\u00f3gico Nacional de M\u00e9xico, Ram\u00f3n Jim\u00e9nez es el nuevo director general de la instituci\u00f3n educativa, la cual ofrece licenciaturas en diversas \u00e1reas as\u00ed como posgrados.<\/strong><\/span><\/p>\n<p>&nbsp;<\/p>\n<p>&nbsp;<\/p>\n<p>&nbsp;<\/p>\n<p>&nbsp;<\/p>\n","protected":false},"excerpt":{"rendered":"<p>&nbsp; CIUDAD DE M\u00c9XICO. Ram\u00f3n Jim\u00e9nez L\u00f3pez dej\u00f3 la direcci\u00f3n general de la Red de Transporte de Pasajeros (RTP) para<\/p>\n","protected":false},"author":4,"featured_media":7322,"comment_status":"closed","ping_status":"closed","sticky":false,"template":"","format":"standard","meta":{"colormag_page_container_layout":"default_layout","colormag_page_sidebar_layout":"default_layout","_jetpack_memberships_contains_paid_content":false,"footnotes":"","jetpack_publicize_message":"","jetpack_publicize_feature_enabled":true,"jetpack_social_post_already_shared":false,"jetpack_social_options":{"image_generator_settings":{"template":"highway","default_image_id":0,"font":"","enabled":false},"version":2}},"categories":[145],"tags":[1272,1093,1273],"class_list":["post-7321","post","type-post","status-publish","format-standard","has-post-thumbnail","hentry","category-estados","tag-ramon-jimenez","tag-sep","tag-tecnologico-nacional-de-mexico"],"jetpack_publicize_connections":[],"jetpack_featured_media_url":"https:\/\/noticiasveracruz.com\/wp-content\/uploads\/2022\/08\/P-RAMO\u0301NJIMENEZ-TECNM1.png","jetpack_sharing_enabled":true,"publishpress_future_action":{"enabled":false,"date":"2026-05-06 19:15:11","action":"change-status","newStatus":"draft","terms":[],"taxonomy":"category","extraData":[]},"publishpress_future_workflow_manual_trigger":{"enabledWorkflows":[]},"_links":{"self":[{"href":"https:\/\/noticiasveracruz.com\/index.php\/wp-json\/wp\/v2\/posts\/7321","targetHints":{"allow":["GET"]}}],"collection":[{"href":"https:\/\/noticiasveracruz.com\/index.php\/wp-json\/wp\/v2\/posts"}],"about":[{"href":"https:\/\/noticiasveracruz.com\/index.php\/wp-json\/wp\/v2\/types\/post"}],"author":[{"embeddable":true,"href":"https:\/\/noticiasveracruz.com\/index.php\/wp-json\/wp\/v2\/users\/4"}],"replies":[{"embeddable":true,"href":"https:\/\/noticiasveracruz.com\/index.php\/wp-json\/wp\/v2\/comments?post=7321"}],"version-history":[{"count":0,"href":"https:\/\/noticiasveracruz.com\/index.php\/wp-json\/wp\/v2\/posts\/7321\/revisions"}],"wp:featuredmedia":[{"embeddable":true,"href":"https:\/\/noticiasveracruz.com\/index.php\/wp-json\/wp\/v2\/media\/7322"}],"wp:attachment":[{"href":"https:\/\/noticiasveracruz.com\/index.php\/wp-json\/wp\/v2\/media?parent=7321"}],"wp:term":[{"taxonomy":"category","embeddable":true,"href":"https:\/\/noticiasveracruz.com\/index.php\/wp-json\/wp\/v2\/categories?post=7321"},{"taxonomy":"post_tag","embeddable":true,"href":"https:\/\/noticiasveracruz.com\/index.php\/wp-json\/wp\/v2\/tags?post=7321"}],"curies":[{"name":"wp","href":"https:\/\/api.w.org\/{rel}","templated":true}]}}