{"id":73198,"date":"2026-02-05T00:18:06","date_gmt":"2026-02-05T06:18:06","guid":{"rendered":"https:\/\/noticiasveracruz.com\/?p=73198"},"modified":"2026-02-04T22:47:49","modified_gmt":"2026-02-05T04:47:49","slug":"narges-mohammadi-nobel-de-la-paz-irani-inicia-huelga-de-hambre-por-condiciones-de-reclusion","status":"publish","type":"post","link":"https:\/\/noticiasveracruz.com\/index.php\/2026\/02\/05\/narges-mohammadi-nobel-de-la-paz-irani-inicia-huelga-de-hambre-por-condiciones-de-reclusion\/","title":{"rendered":"Narges Mohammadi, Nobel de la Paz iran\u00ed, inicia huelga de hambre por condiciones de reclusi\u00f3n"},"content":{"rendered":"<p class=\"nota-justify\">La Premio Nobel de la Paz iran\u00ed, Narges Mohammadi, inici\u00f3 este mi\u00e9rcoles una huelga de hambre para protestar por las condiciones de su reclusi\u00f3n y por lo que calific\u00f3 como una detenci\u00f3n ilegal, luego de que fue arrestada en diciembre pasado en la ciudad de Mashhad, al norte de Ir\u00e1n.<\/p>\n<p class=\"nota-justify\">La fundaci\u00f3n que lleva su nombre inform\u00f3 este mi\u00e9rcoles, a trav\u00e9s de redes sociales, que la activista comenz\u00f3 la protesta el pasado lunes, en rechazo a las condiciones en la c\u00e1rcel y a la prohibici\u00f3n impuesta por las autoridades iran\u00edes de mantener contacto con su familia y con sus abogados.<\/p>\n<p class=\"nota-justify\">La organizaci\u00f3n denunci\u00f3 adem\u00e1s que Mohammadi solo recibi\u00f3 una breve llamada telef\u00f3nica de su hermano desde su arresto y se\u00f1al\u00f3 que familiares y amigos enfrentaron presiones constantes por parte de las fuerzas de seguridad iran\u00edes para evitar pronunciamientos p\u00fablicos sobre el caso.<\/p>\n<p class=\"nota-justify\">Mohammadi fue detenida el 12 de diciembre durante un acto en memoria del abogado, Josrou Alikordi, quien falleci\u00f3 semanas antes en circunstancias no esclarecidas. De acuerdo con la fiscal\u00eda de Mashhad, cerca de 40 personas fueron arrestadas durante el evento.<\/p>\n<p class=\"nota-justify\">La activista hab\u00eda obtenido libertad provisional en diciembre de 2024 por motivos m\u00e9dicos, tras una solicitud aprobada por la fiscal\u00eda de Teher\u00e1n. Meses antes, su familia denunci\u00f3 que las autoridades le negaron atenci\u00f3n m\u00e9dica durante m\u00e1s de dos meses, pese al deterioro de su estado de salud.<\/p>\n<p class=\"nota-justify\">Mohammadi pas\u00f3 la mayor parte de los \u00faltimos 20 a\u00f1os de su vida en prisi\u00f3n, sufri\u00f3 m\u00faltiples infartos y fue sometida a una cirug\u00eda de emergencia en 2022. Acumul\u00f3 condenas que sumaron 31 a\u00f1os de c\u00e1rcel, principalmente por su participaci\u00f3n en protestas contra el estricto c\u00f3digo de vestimenta impuesto en Ir\u00e1n.<\/p>\n","protected":false},"excerpt":{"rendered":"<p>La Premio Nobel de la Paz iran\u00ed, Narges Mohammadi, inici\u00f3 este mi\u00e9rcoles una huelga de hambre para protestar por las<\/p>\n","protected":false},"author":4,"featured_media":73199,"comment_status":"closed","ping_status":"closed","sticky":false,"template":"","format":"standard","meta":{"colormag_page_container_layout":"default_layout","colormag_page_sidebar_layout":"default_layout","_jetpack_memberships_contains_paid_content":false,"footnotes":"","jetpack_publicize_message":"","jetpack_publicize_feature_enabled":true,"jetpack_social_post_already_shared":true,"jetpack_social_options":{"image_generator_settings":{"template":"highway","default_image_id":0,"font":"","enabled":false},"version":2}},"categories":[355],"tags":[],"class_list":["post-73198","post","type-post","status-publish","format-standard","has-post-thumbnail","hentry","category-internacional"],"jetpack_publicize_connections":[],"jetpack_featured_media_url":"https:\/\/noticiasveracruz.com\/wp-content\/uploads\/2026\/02\/LACHI.jpg","jetpack_sharing_enabled":true,"publishpress_future_action":{"enabled":false,"date":"2026-05-02 02:30:41","action":"change-status","newStatus":"draft","terms":[],"taxonomy":"category","extraData":[]},"publishpress_future_workflow_manual_trigger":{"enabledWorkflows":[]},"_links":{"self":[{"href":"https:\/\/noticiasveracruz.com\/index.php\/wp-json\/wp\/v2\/posts\/73198","targetHints":{"allow":["GET"]}}],"collection":[{"href":"https:\/\/noticiasveracruz.com\/index.php\/wp-json\/wp\/v2\/posts"}],"about":[{"href":"https:\/\/noticiasveracruz.com\/index.php\/wp-json\/wp\/v2\/types\/post"}],"author":[{"embeddable":true,"href":"https:\/\/noticiasveracruz.com\/index.php\/wp-json\/wp\/v2\/users\/4"}],"replies":[{"embeddable":true,"href":"https:\/\/noticiasveracruz.com\/index.php\/wp-json\/wp\/v2\/comments?post=73198"}],"version-history":[{"count":0,"href":"https:\/\/noticiasveracruz.com\/index.php\/wp-json\/wp\/v2\/posts\/73198\/revisions"}],"wp:featuredmedia":[{"embeddable":true,"href":"https:\/\/noticiasveracruz.com\/index.php\/wp-json\/wp\/v2\/media\/73199"}],"wp:attachment":[{"href":"https:\/\/noticiasveracruz.com\/index.php\/wp-json\/wp\/v2\/media?parent=73198"}],"wp:term":[{"taxonomy":"category","embeddable":true,"href":"https:\/\/noticiasveracruz.com\/index.php\/wp-json\/wp\/v2\/categories?post=73198"},{"taxonomy":"post_tag","embeddable":true,"href":"https:\/\/noticiasveracruz.com\/index.php\/wp-json\/wp\/v2\/tags?post=73198"}],"curies":[{"name":"wp","href":"https:\/\/api.w.org\/{rel}","templated":true}]}}