{"id":7312,"date":"2022-08-23T06:54:44","date_gmt":"2022-08-23T11:54:44","guid":{"rendered":"https:\/\/noticiasveracruz.com\/?p=7312"},"modified":"2022-08-23T07:25:27","modified_gmt":"2022-08-23T12:25:27","slug":"condena-gobierno-argentino-persecucion-judicial-contra-la-vicepresidente-cristina-fernandez","status":"publish","type":"post","link":"https:\/\/noticiasveracruz.com\/index.php\/2022\/08\/23\/condena-gobierno-argentino-persecucion-judicial-contra-la-vicepresidente-cristina-fernandez\/","title":{"rendered":"Condena Gobierno argentino persecuci\u00f3n judicial contra Cristina Fern\u00e1ndez"},"content":{"rendered":"<p>&nbsp;<\/p>\n<p class=\"p1\"><span style=\"font-size: 14pt;\"><em><strong>BUENOS AIRE, ARGENTINA.<\/strong> <\/em><strong>El Gobierno argentino<\/strong> reiter\u00f3 su adhesi\u00f3n <strong>al principio constitucional de inocencia <\/strong>y a la plena vigencia del funcionamiento democr\u00e1tico de la justicia.<\/span><\/p>\n<p class=\"p1\"><span style=\"font-size: 18pt;\"><strong>El Gobierno de Argentina public\u00f3 un comunicado para <span style=\"color: #e42d33;\">condenar la persecuci\u00f3n judicial y medi\u00e1tica contra la vicepresidenta Cristina Fern\u00e1ndez de Kirchner<\/span>, luego que la Fiscal\u00eda solicitara que la funcionaria fuera condena a prisi\u00f3n.<\/strong><\/span><\/p>\n<p>&nbsp;<\/p>\n<blockquote class=\"twitter-tweet\" data-width=\"550\" data-dnt=\"true\">\n<p lang=\"es\" dir=\"ltr\">El Gobierno Nacional condena la persecuci\u00f3n judicial y medi\u00e1tica contra la vicepresidenta Cristina Fern\u00e1ndez de Kirchner (<a href=\"https:\/\/twitter.com\/CFKArgentina?ref_src=twsrc%5Etfw\">@CFKArgentina<\/a>) que qued\u00f3 expresada hoy, una vez m\u00e1s, en el alegato final y pedido de pena en la denominada Causa Vialidad.<a href=\"https:\/\/t.co\/FIRREQ0BVa\">https:\/\/t.co\/FIRREQ0BVa<\/a> <a href=\"https:\/\/t.co\/4BiWLcNiYI\">pic.twitter.com\/4BiWLcNiYI<\/a><\/p>\n<p>&mdash; Casa Rosada (@CasaRosada) <a href=\"https:\/\/twitter.com\/CasaRosada\/status\/1561817863681351680?ref_src=twsrc%5Etfw\">August 22, 2022<\/a><\/p><\/blockquote>\n<p><script async src=\"https:\/\/platform.twitter.com\/widgets.js\" charset=\"utf-8\"><\/script><\/p>\n<p>&nbsp;<\/p>\n<p class=\"p1\"><span style=\"font-size: 18pt;\"><strong>Y es que el fiscal Diego Luciani pidi\u00f3 ante el Tribunal Oral Federal (TOF) 2 que la vicepresidenta <span style=\"color: #e42d33;\">fuera condenada a 12 a\u00f1os de c\u00e1rcel <\/span>y su inhabilitaci\u00f3n para ejercer cargos p\u00fablicos de por vida, en el marco del juicio por el supuesto direccionamiento de la obra p\u00fablica vial en Santa Cruz entre el 2003 y el 2015.<\/strong><\/span><\/p>\n<p class=\"p1\"><span style=\"font-size: 18pt;\"><strong><span style=\"color: #e42d33;\">Ninguno de los actos atribuidos a la expresidenta ha sido probado<\/span> y toda la acusaci\u00f3n que se le carga se refiere \u00fanicamente a la funci\u00f3n que ejerc\u00eda en ese per\u00edodo lo cual degrada lastimosamente los m\u00e1s elementales principios del Derecho Penal moderno\u201d<\/strong><\/span><\/p>\n<p class=\"p1\"><span style=\"font-size: 14pt;\">Adem\u00e1s, enfatiz\u00f3 que el Gobierno argentino reiter\u00f3 su adhesi\u00f3n al principio constitucional de inocencia y \u201ca la plena vigencia del funcionamiento democr\u00e1tico de la justicia, el derecho de defensa y la igualdad ante la ley y seguir\u00e1 bregando por una reforma judicial que garantice estos valores para todos y todas\u201d.<\/span><\/p>\n<p>&nbsp;<\/p>\n<p><img loading=\"lazy\" decoding=\"async\" class=\"aligncenter wp-image-9233 size-large\" src=\"https:\/\/politicosaldesnudo.com.mx\/wp-content\/uploads\/2022\/08\/P-ARGETINA-CRISTINA1-1024x573.png\" alt=\"\" width=\"800\" height=\"448\" \/><\/p>\n<p>&nbsp;<\/p>\n<p class=\"p1\"><span style=\"font-size: 14pt;\">En el comunicado, el Gobierno expres\u00f3 su solidaridad con la vicepresidenta ante la persecuci\u00f3n en su contra y la b\u00fasqueda de proscripci\u00f3n, lo que compar\u00f3 con intentos realizados contra otros l\u00edderes populares \u201ccuando la justicia se pone al servicio de poderes f\u00e1cticos\u201d.<\/span><\/p>\n<p class=\"p1\"><span style=\"font-size: 14pt;\">Finalmente, cita al presidente Alberto Fern\u00e1ndez, quien declar\u00f3 que \u201cdesde lo personal, &#8216;hoy es un d\u00eda muy ingrato para alguien que, como yo, se ha criado en la familia de un Juez, se ha educado en el mundo del derecho y ense\u00f1a Derecho Penal hace m\u00e1s de tres d\u00e9cadas\u201d.<\/span><\/p>\n<p class=\"p1\"><span style=\"font-size: 18pt;\"><strong>Tras la petici\u00f3n del fiscal Luciani, funcionarios, dirigentes y sectores de la poblaci\u00f3n han expresado su apoyo a la exmandataria argentina y rechazaron la persecuci\u00f3n judicial en su contra.<\/strong><\/span><\/p>\n<p>&nbsp;<\/p>\n<p>&nbsp;<\/p>\n<p>&nbsp;<\/p>\n<p>&nbsp;<\/p>\n<p>&nbsp;<\/p>\n<p>&nbsp;<\/p>\n","protected":false},"excerpt":{"rendered":"<p>&nbsp; BUENOS AIRE, ARGENTINA. El Gobierno argentino reiter\u00f3 su adhesi\u00f3n al principio constitucional de inocencia y a la plena vigencia<\/p>\n","protected":false},"author":4,"featured_media":7313,"comment_status":"closed","ping_status":"closed","sticky":false,"template":"","format":"standard","meta":{"colormag_page_container_layout":"default_layout","colormag_page_sidebar_layout":"default_layout","_jetpack_memberships_contains_paid_content":false,"footnotes":"","jetpack_publicize_message":"","jetpack_publicize_feature_enabled":true,"jetpack_social_post_already_shared":false,"jetpack_social_options":{"image_generator_settings":{"template":"highway","default_image_id":0,"font":"","enabled":false},"version":2}},"categories":[355],"tags":[305,1270,1269],"class_list":["post-7312","post","type-post","status-publish","format-standard","has-post-thumbnail","hentry","category-internacional","tag-argentina","tag-cristina-fernandez","tag-persecusion"],"jetpack_publicize_connections":[],"jetpack_featured_media_url":"https:\/\/noticiasveracruz.com\/wp-content\/uploads\/2022\/08\/P-CRISTINA1.png","jetpack_sharing_enabled":true,"publishpress_future_action":{"enabled":false,"date":"2026-05-06 20:48:03","action":"change-status","newStatus":"draft","terms":[],"taxonomy":"category","extraData":[]},"publishpress_future_workflow_manual_trigger":{"enabledWorkflows":[]},"_links":{"self":[{"href":"https:\/\/noticiasveracruz.com\/index.php\/wp-json\/wp\/v2\/posts\/7312","targetHints":{"allow":["GET"]}}],"collection":[{"href":"https:\/\/noticiasveracruz.com\/index.php\/wp-json\/wp\/v2\/posts"}],"about":[{"href":"https:\/\/noticiasveracruz.com\/index.php\/wp-json\/wp\/v2\/types\/post"}],"author":[{"embeddable":true,"href":"https:\/\/noticiasveracruz.com\/index.php\/wp-json\/wp\/v2\/users\/4"}],"replies":[{"embeddable":true,"href":"https:\/\/noticiasveracruz.com\/index.php\/wp-json\/wp\/v2\/comments?post=7312"}],"version-history":[{"count":0,"href":"https:\/\/noticiasveracruz.com\/index.php\/wp-json\/wp\/v2\/posts\/7312\/revisions"}],"wp:featuredmedia":[{"embeddable":true,"href":"https:\/\/noticiasveracruz.com\/index.php\/wp-json\/wp\/v2\/media\/7313"}],"wp:attachment":[{"href":"https:\/\/noticiasveracruz.com\/index.php\/wp-json\/wp\/v2\/media?parent=7312"}],"wp:term":[{"taxonomy":"category","embeddable":true,"href":"https:\/\/noticiasveracruz.com\/index.php\/wp-json\/wp\/v2\/categories?post=7312"},{"taxonomy":"post_tag","embeddable":true,"href":"https:\/\/noticiasveracruz.com\/index.php\/wp-json\/wp\/v2\/tags?post=7312"}],"curies":[{"name":"wp","href":"https:\/\/api.w.org\/{rel}","templated":true}]}}