{"id":7306,"date":"2022-08-23T06:14:51","date_gmt":"2022-08-23T11:14:51","guid":{"rendered":"https:\/\/noticiasveracruz.com\/?p=7306"},"modified":"2022-08-23T06:14:51","modified_gmt":"2022-08-23T11:14:51","slug":"maldad-al-procurar-justicia","status":"publish","type":"post","link":"https:\/\/noticiasveracruz.com\/index.php\/2022\/08\/23\/maldad-al-procurar-justicia\/","title":{"rendered":"Maldad al procurar justicia"},"content":{"rendered":"<p>&nbsp;<\/p>\n<p class=\"p2\"><span style=\"font-size: 18pt;\"><strong>Por Alberto Woolrich Ort\u00edz<\/strong><\/span><\/p>\n<p class=\"p2\"><span style=\"font-size: 14pt;\">En muchas injusticias no hay preludios amenazadores. Directamente hay acciones. <\/span><\/p>\n<p class=\"p2\"><span style=\"font-size: 14pt;\">Hay algunas faenas de la Fiscal\u00eda General de la Rep\u00fablica para proteger a la delincuencia de gran sutileza, pero que revelan no s\u00f3lo una gran maldad sino una ignorancia en la aplicaci\u00f3n de la ley. Por ejemplo: La protecci\u00f3n que se le brinda a la narco-pol\u00edtica concentra cada vez m\u00e1s atenci\u00f3n de M\u00e9xico. Constituye un importante repudio al margen de todo tipo de cr\u00edticas de orden pol\u00edtico, p\u00fablico y jur\u00eddico. En otros tiempos y antes de la \u00e9poca del neoliberalismo se celebraba la aplicaci\u00f3n cabal de la Carta Magna, ello lo aplaud\u00edan todos, eso s\u00ed, con discursos, incluso con reconocimientos de la comunidad internacional. <\/span><\/p>\n<p class=\"p2\"><span style=\"font-size: 14pt;\">En \u00e9sta Cuarta Transformaci\u00f3n de la Rep\u00fablica, la omisi\u00f3n a indagar la verdad del fen\u00f3meno en cuesti\u00f3n da pie a cr\u00edticas severas de la abogac\u00eda independiente. En la actualidad, el Fiscal General de la Naci\u00f3n no es custodio de la ley, quiz\u00e1 sea porque se encuentra apoyado en generosas prebendas de \u00edndole pol\u00edtico, con su actuar pretende convencer a la Rep\u00fablica de su eficacia, realizando otro tipo de detenciones para pretender persuadir que est\u00e1 actuando con bien, convocando desde luego a ceremonias colectivas para que se aplaudan con jubilo sus injusticias.<\/span><\/p>\n<p class=\"p2\"><span style=\"font-size: 14pt;\">El Fiscal no es custodio de la ley, ni de la verdad, por tanto, no puede ni debe celebrar sus triunfos por la sencilla raz\u00f3n que inaplica el derecho. Lo que por consecuencia l\u00f3gica jur\u00eddica fastidia sus festejos. Con su incorrecto hacer envilece la justicia.<span class=\"Apple-converted-space\">\u00a0 <\/span>Menuda faena. \u00a1Qu\u00e9 descaro!. <\/span><\/p>\n<p class=\"p2\"><span style=\"font-size: 14pt;\">A M\u00e9xico no se le convence con injusticias ni mentiras. En \u00e9sta Cuarta Transformaci\u00f3n de la Rep\u00fablica, no se le puede ocultar a toda la Naci\u00f3n que la Fiscal\u00eda General protege a la narco-pol\u00edtica. Que la Representaci\u00f3n Social Federal se ha convertido en c\u00f3mplice de injusticias. \u00bfPorqu\u00e9 M\u00e9xico al d\u00eda de hoy no puede celebrar con solemnidad el triunfo de la justicia?.<\/span><\/p>\n<p class=\"p2\"><span style=\"font-size: 14pt;\">Recientemente, los Estados Unidos Mexicanos han asistido a una variante de esas faenas de injusticias. Alejandro Gertz Manero, trata de aplicar retroactivamente una ley, la Ley General en Materia de Desaparici\u00f3n Forzada de Personas\u201d, la cu\u00e1l, como todos sabemos entr\u00f3 en vigor el d\u00eda 17 de noviembre del a\u00f1o del 2017.\u00a0<\/span><\/p>\n<p class=\"p2\"><span style=\"font-size: 14pt;\">Para ilustraci\u00f3n del se\u00f1or Representante Social Federal, la retroactividad en la aplicaci\u00f3n de una ley es absolutamente improcedente, inconstitucional, desacertada e infundada. <\/span><\/p>\n<p class=\"p2\"><span style=\"font-size: 14pt;\">Desde un punto de vista estrictamente de \u00edndole jur\u00eddico-constitucional<span class=\"Apple-converted-space\">\u00a0 <\/span>se estima improcedente la aplicaci\u00f3n retroactiva de cualquier ley. No es obst\u00e1culo para arribar a la anterior conclusi\u00f3n, el que pretenda sacar a relucir el \u201cCaso Ayotzinapa\u201d, ni que en su falaz planteamiento se involucre aspectos sobre valoraci\u00f3n de pruebas, porque las actuaciones realizadas bajo la vigencia de leyes anteriores no pueden ser destruidas por caprichos insanos de la Fiscal\u00eda. Es de explorado derecho que al momento de la consumaci\u00f3n de un evento delictivo, consecuentemente se refleja fielmente aquella norma que se encontraba vigente y nunca sobre otras que ni siquiera ten\u00edan existencia en el mundo jur\u00eddico. <\/span><span style=\"font-size: 14pt;\">Es cuanto.<\/span><\/p>\n<p>&nbsp;<\/p>\n<p>&nbsp;<\/p>\n<p class=\"p1\"><strong><span style=\"font-size: 18pt;\">Lic. Alberto Woolrich Ort\u00edz<\/span><\/strong><\/p>\n<p class=\"p1\"><strong><span style=\"font-size: 18pt;\">Presidente de la Academia de Derecho Penal<\/span><\/strong><\/p>\n<p class=\"p1\"><strong><span style=\"font-size: 18pt;\">del Colegio de Abogados de M\u00e9xico, A.C.<\/span><\/strong><\/p>\n<p>&nbsp;<\/p>\n<p><span style=\"font-size: 18pt; color: #e42d33;\"><em><strong>**Las columnas firmadas en este medio son responsabilidad de quienes las firman**<\/strong><\/em><\/span><\/p>\n<p>&nbsp;<\/p>\n<p>&nbsp;<\/p>\n<p>&nbsp;<\/p>\n<p>&nbsp;<\/p>\n<p>&nbsp;<\/p>\n","protected":false},"excerpt":{"rendered":"<p>&nbsp; Por Alberto Woolrich Ort\u00edz En muchas injusticias no hay preludios amenazadores. Directamente hay acciones. Hay algunas faenas de la<\/p>\n","protected":false},"author":4,"featured_media":3616,"comment_status":"closed","ping_status":"closed","sticky":false,"template":"","format":"standard","meta":{"colormag_page_container_layout":"default_layout","colormag_page_sidebar_layout":"default_layout","_jetpack_memberships_contains_paid_content":false,"footnotes":"","jetpack_publicize_message":"","jetpack_publicize_feature_enabled":true,"jetpack_social_post_already_shared":false,"jetpack_social_options":{"image_generator_settings":{"template":"highway","default_image_id":0,"font":"","enabled":false},"version":2}},"categories":[6],"tags":[],"class_list":["post-7306","post","type-post","status-publish","format-standard","has-post-thumbnail","hentry","category-columnistas"],"jetpack_publicize_connections":[],"jetpack_featured_media_url":"https:\/\/noticiasveracruz.com\/wp-content\/uploads\/2022\/04\/NV-ALBERTO-WOOLRICH-1.png","jetpack_sharing_enabled":true,"publishpress_future_action":{"enabled":false,"date":"2026-05-06 21:35:23","action":"change-status","newStatus":"draft","terms":[],"taxonomy":"category","extraData":[]},"publishpress_future_workflow_manual_trigger":{"enabledWorkflows":[]},"_links":{"self":[{"href":"https:\/\/noticiasveracruz.com\/index.php\/wp-json\/wp\/v2\/posts\/7306","targetHints":{"allow":["GET"]}}],"collection":[{"href":"https:\/\/noticiasveracruz.com\/index.php\/wp-json\/wp\/v2\/posts"}],"about":[{"href":"https:\/\/noticiasveracruz.com\/index.php\/wp-json\/wp\/v2\/types\/post"}],"author":[{"embeddable":true,"href":"https:\/\/noticiasveracruz.com\/index.php\/wp-json\/wp\/v2\/users\/4"}],"replies":[{"embeddable":true,"href":"https:\/\/noticiasveracruz.com\/index.php\/wp-json\/wp\/v2\/comments?post=7306"}],"version-history":[{"count":0,"href":"https:\/\/noticiasveracruz.com\/index.php\/wp-json\/wp\/v2\/posts\/7306\/revisions"}],"wp:featuredmedia":[{"embeddable":true,"href":"https:\/\/noticiasveracruz.com\/index.php\/wp-json\/wp\/v2\/media\/3616"}],"wp:attachment":[{"href":"https:\/\/noticiasveracruz.com\/index.php\/wp-json\/wp\/v2\/media?parent=7306"}],"wp:term":[{"taxonomy":"category","embeddable":true,"href":"https:\/\/noticiasveracruz.com\/index.php\/wp-json\/wp\/v2\/categories?post=7306"},{"taxonomy":"post_tag","embeddable":true,"href":"https:\/\/noticiasveracruz.com\/index.php\/wp-json\/wp\/v2\/tags?post=7306"}],"curies":[{"name":"wp","href":"https:\/\/api.w.org\/{rel}","templated":true}]}}