{"id":73045,"date":"2026-02-03T00:17:35","date_gmt":"2026-02-03T06:17:35","guid":{"rendered":"https:\/\/noticiasveracruz.com\/?p=73045"},"modified":"2026-02-02T22:17:16","modified_gmt":"2026-02-03T04:17:16","slug":"dice-trump-a-periodistas-que-mexico-dejara-de-enviar-petroleo-a-cuba","status":"publish","type":"post","link":"https:\/\/noticiasveracruz.com\/index.php\/2026\/02\/03\/dice-trump-a-periodistas-que-mexico-dejara-de-enviar-petroleo-a-cuba\/","title":{"rendered":"Dice Trump a periodistas que M\u00e9xico dejar\u00e1 de enviar petr\u00f3leo a Cuba"},"content":{"rendered":"<p class=\"nota-justify\">El presidente de Estados Unidos, Donald Trump, anunci\u00f3 que M\u00e9xico dejar\u00e1 de enviar petr\u00f3leo a Cuba, luego de que la v\u00edspera la presidenta mexicana, Claudia Sheinbaum Pardo, asegurara que se busca destrabar el env\u00edo de petr\u00f3leo a la isla caribe\u00f1a por la v\u00eda diplom\u00e1tica.<\/p>\n<p class=\"nota-justify\">\u201cEs una naci\u00f3n fallida. No puede obtener dinero de Venezuela y no puede obtener dinero de ning\u00fan lado. Es una naci\u00f3n fallida. M\u00e9xico va a dejar de enviarles petr\u00f3leo, as\u00ed que&#8230; me gustar\u00eda cuidar a la gente que est\u00e1 aqu\u00ed y que es de Cuba\u00bb\u201d, dijo este martes el mandatario estadunidense en conferencia de prensa.<\/p>\n<p class=\"nota-justify\">\u00abSabes, tenemos a muchas personas que vinieron de Cuba, que fueron expulsadas o que huyeron de Cuba&#8230; vinieron en balsas, pasaron por aguas infestadas de tiburones. No s\u00e9 c\u00f3mo lo hicieron. Y fue hace muchos a\u00f1os. A muchos les gustar\u00eda volver. A muchos les gustar\u00eda, al menos, visitar a sus familiares. Y creo que estamos en un punto bastante cercano. Pero estamos tratando con los l\u00edderes cubanos en este momento\u00bb, manifest\u00f3 en conferencia desde la Casa Blanca.<\/p>\n<p>Un d\u00eda antes, la presidenta mexicana inform\u00f3 que su gobierno planea el env\u00edo de ayuda humanitaria al pa\u00eds insular. La Secretar\u00eda de Marina llevar\u00e1 alimentos, enseres e insumos fundamentales esta semana, en tanto se resuelve por la v\u00eda diplom\u00e1tica el env\u00edo de petr\u00f3leo a la isla por razones humanitarias.<\/p>\n<p class=\"nota-justify\">Durante la presentaci\u00f3n del proyecto de expansi\u00f3n del\u00a0Puerto de Guaymas este fin de semana, la mandataria tambi\u00e9n asegur\u00f3 que en ninguna de las conversaciones que ha sostenido con Trump, se ha abordado el tema del env\u00edo de petr\u00f3leo mexicano a Cuba.<\/p>\n<p class=\"nota-justify\">\u201cCuando s\u00ed se toc\u00f3 el tema, fue en la conversaci\u00f3n que tuvo el secretario de Relaciones Exteriores, (Juan Ram\u00f3n de la Fuente) con el secretario (de Estado de Estados Unidos), Marco Rubio, ah\u00ed s\u00ed tocaron el tema. Y como lo digo, estamos buscando todas las v\u00edas diplom\u00e1ticas para poder enviar combustible al pueblo cubano, porque esto no es un asunto de los gobiernos, sino de apoyo para evitar una crisis humanitaria en Cuba y mientras tanto vamos a enviar alimentos y otras ayudas importantes para la isla\u201d, agreg\u00f3.<\/p>\n","protected":false},"excerpt":{"rendered":"<p>El presidente de Estados Unidos, Donald Trump, anunci\u00f3 que M\u00e9xico dejar\u00e1 de enviar petr\u00f3leo a Cuba, luego de que la<\/p>\n","protected":false},"author":4,"featured_media":73046,"comment_status":"closed","ping_status":"closed","sticky":false,"template":"","format":"standard","meta":{"colormag_page_container_layout":"default_layout","colormag_page_sidebar_layout":"default_layout","_jetpack_memberships_contains_paid_content":false,"footnotes":"","jetpack_publicize_message":"","jetpack_publicize_feature_enabled":true,"jetpack_social_post_already_shared":true,"jetpack_social_options":{"image_generator_settings":{"template":"highway","default_image_id":0,"font":"","enabled":false},"version":2}},"categories":[355],"tags":[],"class_list":["post-73045","post","type-post","status-publish","format-standard","has-post-thumbnail","hentry","category-internacional"],"jetpack_publicize_connections":[],"jetpack_featured_media_url":"https:\/\/noticiasveracruz.com\/wp-content\/uploads\/2026\/02\/PSI.jpg","jetpack_sharing_enabled":true,"publishpress_future_action":{"enabled":false,"date":"2026-05-02 02:35:06","action":"change-status","newStatus":"draft","terms":[],"taxonomy":"category","extraData":[]},"publishpress_future_workflow_manual_trigger":{"enabledWorkflows":[]},"_links":{"self":[{"href":"https:\/\/noticiasveracruz.com\/index.php\/wp-json\/wp\/v2\/posts\/73045","targetHints":{"allow":["GET"]}}],"collection":[{"href":"https:\/\/noticiasveracruz.com\/index.php\/wp-json\/wp\/v2\/posts"}],"about":[{"href":"https:\/\/noticiasveracruz.com\/index.php\/wp-json\/wp\/v2\/types\/post"}],"author":[{"embeddable":true,"href":"https:\/\/noticiasveracruz.com\/index.php\/wp-json\/wp\/v2\/users\/4"}],"replies":[{"embeddable":true,"href":"https:\/\/noticiasveracruz.com\/index.php\/wp-json\/wp\/v2\/comments?post=73045"}],"version-history":[{"count":0,"href":"https:\/\/noticiasveracruz.com\/index.php\/wp-json\/wp\/v2\/posts\/73045\/revisions"}],"wp:featuredmedia":[{"embeddable":true,"href":"https:\/\/noticiasveracruz.com\/index.php\/wp-json\/wp\/v2\/media\/73046"}],"wp:attachment":[{"href":"https:\/\/noticiasveracruz.com\/index.php\/wp-json\/wp\/v2\/media?parent=73045"}],"wp:term":[{"taxonomy":"category","embeddable":true,"href":"https:\/\/noticiasveracruz.com\/index.php\/wp-json\/wp\/v2\/categories?post=73045"},{"taxonomy":"post_tag","embeddable":true,"href":"https:\/\/noticiasveracruz.com\/index.php\/wp-json\/wp\/v2\/tags?post=73045"}],"curies":[{"name":"wp","href":"https:\/\/api.w.org\/{rel}","templated":true}]}}