{"id":72981,"date":"2026-02-02T00:53:40","date_gmt":"2026-02-02T06:53:40","guid":{"rendered":"https:\/\/noticiasveracruz.com\/?p=72981"},"modified":"2026-02-02T00:53:40","modified_gmt":"2026-02-02T06:53:40","slug":"reforma-electoral-y-escandalo-pedofilia-en-eu","status":"publish","type":"post","link":"https:\/\/noticiasveracruz.com\/index.php\/2026\/02\/02\/reforma-electoral-y-escandalo-pedofilia-en-eu\/","title":{"rendered":"Reforma Electoral y esc\u00e1ndalo pedofilia en EU"},"content":{"rendered":"<p><span style=\"font-size: 14pt;\">Le pega a Trump y a Salinas Pliego en M\u00e9xico; mientras que, Claudia Sheinbaum se fortalece.<\/span><\/p>\n<p>*Caso Jeffrey Epnstein cimbra a la clase pol\u00edtica de EU y salpica a Salinas Pliego.<\/p>\n<p>La revelaci\u00f3n de los archivos del magnate y empresario estadounidense Jeffrey Epnstein, est\u00e1 provocando un tsunami de magnitudes catastr\u00f3ficas en lo pol\u00edtico y social de\u00a0 EU. Salen a relucir \u00abeventos privados\u00bb donde abusaban de menores de edad,\u00a0 confirm\u00e1ndose, la posible participaci\u00f3n de personalidades de la talla del mism\u00edsimo Donald Trump, Elon Musk y hasta Salinas Pliego.<\/p>\n<p>La aplicaci\u00f3n de aranceles, la invasi\u00f3n a Venezuela, la permanente amenaza de intervenci\u00f3n militar en contra de M\u00e9xico y Colombia y; los intentos por quedarse con el territorio de Groenlandia, le han restado popularidad al presidente norteamericano Donald Trump.<\/p>\n<p>Muchos gritos desesperados dentro y fuera de los Estados Unidos fueron creciendo, a tal grado, que al un\u00edsono \u00abclaman \u00bb \u00a1Paren..! Ha\u00a0\u00a0 Trump\u00bb. Bueno, la reacci\u00f3n no tard\u00f3 mucho y las voces de protesta y exigencia para que se revelar\u00e1n los archivos del empresario Epnstein, surgieron\u00a0 dentro del mism\u00edsimo pa\u00eds vecino y con un ingrediente extra; la protesta de dos diputados republicanos del mismo partido al que pertenece el presidente Trump; ellos son: Thomas Massie y Marjorie Taylor Greene, mismos que han encabezado el llamado a la divulgaci\u00f3n, a la propaganda de todos los archivos de Epstein, donde Donald Trump aparece como invitado a esas perversas fiestas.<\/p>\n<p>Hasta el momento no se sabe a ciencia cierta las consecuencias de este esc\u00e1ndalo, ya que Donald Trump tiene las facultades de evitar que los archivos se publiquen completos. Esto apenas comienza y puede escalar de esc\u00e1ndalo a crisis pol\u00edtica, si se suprime la divulgaci\u00f3n de los archivos.<\/p>\n<p>No hay que olvidar que las crisis pol\u00edticas m\u00e1s graves en los Estados Unidos, no han sido detonadas\u00a0 por las revelaciones, sino por el intento de encubrirlos y archivarlos. \u00a1Claro!, el se\u00f1or con infulas de imperialista\u00a0 quiere erigirse como el Adolfo Hitler del siglo 21\u00a0 o Benito Mousulini de nuestros tiempos y; por ello, sus dichos no dejan de ser, una amenaza latente para el mundo entero.<\/p>\n<p>En tanto eso sucede en los Estados Unidos, en M\u00e9xico publican las m\u00e1s recientes encuestas donde la presidenta de M\u00e9xico, Claudia Sheinbaum Pardo, obtiene las cifras m\u00e1s altas de respaldo; en donde el 80 por ciento de los mexicanos le dan su apoyo incondicional a la mandataria mexicana. Y c\u00f3mo no van a respaldar a su presidenta, si les sigue dando satisfacciones.<\/p>\n<p>Quienes saben de la pol\u00edtica de M\u00e9xico, son testigos de que por\u00a0 mucho tiempo lo \u00fanico que el pueblo ped\u00eda era un trato parejo, que no hubiera discriminaci\u00f3n y excepciones; y eso es justo lo que acaba de suceder con relaci\u00f3n a los impuestos de Salinas Pliego, el pueblo celebra y festeja que el empresario mexicano, por fin haya pagado sus impuestos, a eso se refer\u00eda la gente cuando\u00a0 se preguntaba,\u00a0 \u00bfpor qu\u00e9 a nosotros s\u00ed y a ellos no?.<\/p>\n<p>Se refer\u00edan a los grandes empresarios, a los magnates que Hacienda no tocaba, \u00a1ha! Pero el pe\u00f1o empresario cuando tantito dejaban de cumplir con sus obligaciones fiscales, de inmediato\u00a0 le ca\u00edan las notificaciones y llamados a cuenta por SAT; hoy esos privilegios ya no existen y; con ello se cumple uno m\u00e1s de los compromisos de la Cuarta Transformaci\u00f3n.<\/p>\n<p>Por cierto, est\u00e1 a punto de que entre al horno, una de las reformas electorales m\u00e1s controvertidas del siglo XXI; adem\u00e1s, una de las deseadas y esperadas por los ciudadanos, son dos: la desaparici\u00f3n de las plurinominales bajo el actual esquema y la eliminaci\u00f3n de las prerrogativas a los partidos.<\/p>\n<p>Los dos puntos le pegan especialmente al PAN y PRI, lo curioso de esto es que ambos partidos en momento propusieron cuando eran mayor\u00edas la desaparici\u00f3n de las plurinominales y hoy se oponen. Ojo, en la iniciativa de reforma las plurinominales no desaparecen, pero si se modifica el esquema de elecci\u00f3n.<\/p>\n<p>Es aqu\u00ed donde los intereses partidistas no permiten que la iniciativa transite. El problema es que los partidos que se resisten porque la propuesta es: nos confundir proporcionalidad con lista de pluris; es decir, quieren que se siga aplicando el criterio de las listas, all\u00ed donde el que encabece la lista seguro sea diputado y que esa lista sea encabezada por el dirigente, su compadre, novia o concubina, por eso hay muchos longevos pol\u00edticos que no representan nada pero ah\u00ed est\u00e1n en las c\u00e1maras viviendo del presupuesto, mientras que la iniciativa propone presentar a los ciudadanos la lista de candidatos plurinominales de cada partido y que, el que obtenga el mayor n\u00famero de votos que esa o ese sea la diputada o diputado plurinominal.<\/p>\n<p>Desde aqu\u00ed\u00a0 auguramos que la Reforma Electoral transitar\u00e1 sin contratiempos y la respaldar\u00e1n el PT y el VERDE a cambio de gubernaturas, m\u00e1s lo que se sumen; y con esta Reforma Electoral, los partidos pol\u00edticos, o cambian sus esquemas de selecci\u00f3n de candidaturas pluris o entrar\u00e1n en una profunda crisis de existencia.<\/p>\n<p>LOS VERACRUZANOS\u00a0 Y; EN ESPECIAL A LOS DEL SUR DEL ESTADO, se mantienen a las expectativas y optimistas por los anuncios de las mega &#8211; obras que acaba de anunciar la Gobernadora Roc\u00edo Nahle Garc\u00eda. El tercer puente que se construir\u00e1 y que comunicar\u00e1 con la zona industrial, Aguadulce, Las Choapas, Nanchital y Villa Hermosa, misma que generar\u00e1 una fuerte derrama econ\u00f3mica. \u201cNo me ayudes compadre\u201d,\u00a0 mal y de malas, el Congreso Local. La observaci\u00f3n y la amenaza a los municipios conflictuados de que desaparecer\u00e1n y que, vendr\u00e1 un Consejo Municipal, es imprudente, ilegal y falta de tacto, \u00a1s\u00ed!, de mucho tacto pol\u00edtico.<\/p>\n<p>EL SAT IMPLEMENTA EL PROGRAMA DE REGULARIZACI\u00d3N FISCAL 2026:<\/p>\n<p>Con la intenci\u00f3n de fortalecer la cultura del cumplimiento y facilitar la regularizaci\u00f3n de adeudos fiscales de Personas F\u00edsicas y Morales, el SAT\u00a0 Servicio de Administraci\u00f3n Tributaria ha implemento a el programa de Regularizaci\u00f3n Fiscal 2026, dice\u00a0 el Contador P\u00fablico, Mario Moreno Dom\u00ednguez, representante del despacho contable \u201cMoreno y Asociado\u201d.<\/p>\n<p>Como todo mundo sabe el SAT, es el \u00f3rgano desconcentrado de la Secretar\u00eda de Hacienda y Cr\u00e9dito P\u00fablico (SHCP) encargado de la recaudaci\u00f3n de impuestos federales, la fiscalizaci\u00f3n de personas f\u00edsicas y morales, y la gesti\u00f3n de aduanas. Su funci\u00f3n principal es asegurar el cumplimiento de las obligaciones fiscales, expres\u00f3 el profesionista. Moreno Dom\u00ednguez asegura que el objetivo del SAT es implementar programa\u00a0 como este que entro en vigor a partir del 22 de enero de este a\u00f1o, su fin es fortalecer la cultura del cumplimiento y facilitar la regularizaci\u00f3n de adeudos fiscales de\u00a0 Personas F\u00edsicas y\u00a0 Personas Morales.<\/p>\n<p>Con ingresos de hasta 300 millones de pesos en el ejercicio fiscal 2024, conforme a la Ley de Ingresos de la Federaci\u00f3n 2026. Este programa permite: 1.-Disminuir hasta el 100% en multas, recargos y gastos de ejecuci\u00f3n. 2.-Acceder a reducciones en cr\u00e9ditos fiscales firmes, seg\u00fan el supuesto aplicable.<\/p>\n<p>Con estas medidas, el SAT contin\u00faa impulsando una cultura de contribuci\u00f3n voluntaria y de apoyo a las y los contribuyentes, con lo que se fortalece la recaudaci\u00f3n en beneficio del desarrollo de la naci\u00f3n y de la poblaci\u00f3n.<\/p>\n<p>LA LICENCIADA MIRIAM DEL ROSARIO M\u00c1RQUEZ ESCOBAR, presidenta de la Asociaci\u00f3n Ganadera Local de Cosoleacaque, integrante del Consejo de la Uni\u00f3n Ganadera Regional del Sur de Veracruz UGRSV, miembro de MUGAM\u00a0 Mujeres Ganaderas de M\u00e9xico y ex regidora sexta de la pasada administraci\u00f3n municipal de este municipio.<\/p>\n<p>Reconoce que con la llegada de Claudia Sheinbaum Pardo a la presidencia de la Rep\u00fablica y Roci\u00f3 Nahle a la gubernatura de Veracruz, las mujeres mexicanas y veracruzanas est\u00e1n ponderadas en lo social y pol\u00edtico; muchas hoy est\u00e1n en las C\u00e1maras Alta y Baja y diputaciones locales, adem\u00e1s ocupan altos cargos de representaci\u00f3n gubernamental.<\/p>\n<p>M\u00e1rquez Escobar quien tambi\u00e9n es la primera presidenta de su Asociaci\u00f3n, que por cierto, este a\u00f1o 2026 el gremio ganadero cumple ochenta a\u00f1os de haber sido formado, abordada poco despu\u00e9s de haber concluido la reuni\u00f3n de consejo de directivos con el tema: empoderamiento de la mujer en M\u00e9xico y Veracruz en los \u00faltimos siete a\u00f1os.<\/p>\n<p>Puntualiz\u00f3 que no son 7 a\u00f1os, porque esto viene desde la Revoluci\u00f3n, desde la independencia de M\u00e9xico, con grandes mujeres guerreras todas ellas empoderadas para iniciar el camino a la superaci\u00f3n de la mujer en todos los \u00e1mbitos posibles; tenemos a la doctora Claudia que alcanz\u00f3 el m\u00e1s alto nivel de gobernanza en nuestro pa\u00eds; una mujer muy preparada y que lleva las riendas de M\u00e9xico con bastante dignidad y con ejemplo para todas las mujeres del pa\u00eds;\u00a0 en Veracruz, tambi\u00e9n tenemos\u00a0 una mujer muy preparada, y me refiero a la ingeniera\u00a0 Roci\u00f3 Nahle.<\/p>\n<p>\u201cEn el \u00e1mbito de ganader\u00eda ha ido creciendo mucho\u00a0 la mujer, tan es as\u00ed que tenemos el grupo MUGAM al cual tambi\u00e9n pertenecemos las mujeres ganaderas de todo el sur de Veracruz, este movimiento es a nivel nacional y est\u00e1 integrado por pura mujer ganadera\u201d.<\/p>\n<p>Pregunta. Con los cargos que ha tenido, cree que como mujer ha logrado sus objetivos o qu\u00e9 sigue?. R.- \u201cYo creo que los objetivos que nos planteamos siempre hemos\u00a0 trabajamos para llevarlos a cabo y cada d\u00eda nos estamos transformando. Las mujeres, hoy en d\u00eda est\u00e1 totalmente capacitada para desempe\u00f1arse en cualquier cargo\u201d.<\/p>\n<p>Sin embargo, tampoco hay que restarles trabajo a los hombres; en Cosoleacaque, con la llegada a la presidencia municipal del licenciado Cirilo V\u00e1zquez\u00a0 Parissi, el municipio seguir\u00e1 con su desarrollo y Transformaci\u00f3n. El trabajo de los hermanos Ponciano y Cirilo V\u00e1zquez se refleja en toda la demarcaci\u00f3n municipal.<\/p>\n<p><img loading=\"lazy\" decoding=\"async\" class=\"alignnone wp-image-72982 size-full\" src=\"http:\/\/noticiasveracruz.com\/wp-content\/uploads\/2026\/02\/FIRMA-EDITORIAL-PD.jpg\" alt=\"\" width=\"1024\" height=\"125\" srcset=\"https:\/\/noticiasveracruz.com\/wp-content\/uploads\/2026\/02\/FIRMA-EDITORIAL-PD.jpg 1024w, https:\/\/noticiasveracruz.com\/wp-content\/uploads\/2026\/02\/FIRMA-EDITORIAL-PD-300x37.jpg 300w, https:\/\/noticiasveracruz.com\/wp-content\/uploads\/2026\/02\/FIRMA-EDITORIAL-PD-768x94.jpg 768w\" sizes=\"auto, (max-width: 1024px) 100vw, 1024px\" \/><\/p>\n","protected":false},"excerpt":{"rendered":"<p>Le pega a Trump y a Salinas Pliego en M\u00e9xico; mientras que, Claudia Sheinbaum se fortalece. *Caso Jeffrey Epnstein cimbra<\/p>\n","protected":false},"author":4,"featured_media":64461,"comment_status":"closed","ping_status":"closed","sticky":false,"template":"","format":"standard","meta":{"colormag_page_container_layout":"default_layout","colormag_page_sidebar_layout":"default_layout","_jetpack_memberships_contains_paid_content":false,"footnotes":"","jetpack_publicize_message":"","jetpack_publicize_feature_enabled":true,"jetpack_social_post_already_shared":true,"jetpack_social_options":{"image_generator_settings":{"template":"highway","default_image_id":0,"font":"","enabled":false},"version":2}},"categories":[6],"tags":[],"class_list":["post-72981","post","type-post","status-publish","format-standard","has-post-thumbnail","hentry","category-columnistas"],"jetpack_publicize_connections":[],"jetpack_featured_media_url":"https:\/\/noticiasveracruz.com\/wp-content\/uploads\/2025\/09\/LEAD-POLITICO-ROJO.jpg","jetpack_sharing_enabled":true,"publishpress_future_action":{"enabled":false,"date":"2026-05-06 23:34:33","action":"change-status","newStatus":"draft","terms":[],"taxonomy":"category","extraData":[]},"publishpress_future_workflow_manual_trigger":{"enabledWorkflows":[]},"_links":{"self":[{"href":"https:\/\/noticiasveracruz.com\/index.php\/wp-json\/wp\/v2\/posts\/72981","targetHints":{"allow":["GET"]}}],"collection":[{"href":"https:\/\/noticiasveracruz.com\/index.php\/wp-json\/wp\/v2\/posts"}],"about":[{"href":"https:\/\/noticiasveracruz.com\/index.php\/wp-json\/wp\/v2\/types\/post"}],"author":[{"embeddable":true,"href":"https:\/\/noticiasveracruz.com\/index.php\/wp-json\/wp\/v2\/users\/4"}],"replies":[{"embeddable":true,"href":"https:\/\/noticiasveracruz.com\/index.php\/wp-json\/wp\/v2\/comments?post=72981"}],"version-history":[{"count":0,"href":"https:\/\/noticiasveracruz.com\/index.php\/wp-json\/wp\/v2\/posts\/72981\/revisions"}],"wp:featuredmedia":[{"embeddable":true,"href":"https:\/\/noticiasveracruz.com\/index.php\/wp-json\/wp\/v2\/media\/64461"}],"wp:attachment":[{"href":"https:\/\/noticiasveracruz.com\/index.php\/wp-json\/wp\/v2\/media?parent=72981"}],"wp:term":[{"taxonomy":"category","embeddable":true,"href":"https:\/\/noticiasveracruz.com\/index.php\/wp-json\/wp\/v2\/categories?post=72981"},{"taxonomy":"post_tag","embeddable":true,"href":"https:\/\/noticiasveracruz.com\/index.php\/wp-json\/wp\/v2\/tags?post=72981"}],"curies":[{"name":"wp","href":"https:\/\/api.w.org\/{rel}","templated":true}]}}