{"id":7296,"date":"2022-08-22T03:20:45","date_gmt":"2022-08-22T08:20:45","guid":{"rendered":"https:\/\/noticiasveracruz.com\/?p=7296"},"modified":"2022-08-22T03:20:45","modified_gmt":"2022-08-22T08:20:45","slug":"atiende-pc-y-bomberos-incendio-de-pastizal-en-carretera-a-la-termoelectrica","status":"publish","type":"post","link":"https:\/\/noticiasveracruz.com\/index.php\/2022\/08\/22\/atiende-pc-y-bomberos-incendio-de-pastizal-en-carretera-a-la-termoelectrica\/","title":{"rendered":"Atiende PC y Bomberos incendio de pastizal en carretera a la Termoel\u00e9ctrica"},"content":{"rendered":"<p>&nbsp;<\/p>\n<p class=\"p1\"><span style=\"font-size: 14pt;\"><em><strong>TUXPAN, VER.<\/strong> <\/em><span style=\"color: #e42d33;\"><strong>Protecci\u00f3n Civil y Bomberos atienden un incendio de pastizal<\/strong> <\/span>que se registra en las inmediaciones de la carretera a la Termoel\u00e9ctrica.<\/span><\/p>\n<p class=\"p1\"><span style=\"font-size: 14pt;\">El director de Protecci\u00f3n Civil, Jos\u00e9 Ren\u00e9 T\u00e9llez Medina indic\u00f3 que adem\u00e1s del equipo de contra incendio municipal, se cuenta con el apoyo de Semar y est\u00e1n en reserva equipos de Sedena.<\/span><\/p>\n<p>&nbsp;<\/p>\n<p><img loading=\"lazy\" decoding=\"async\" class=\"aligncenter wp-image-7297 size-large\" src=\"http:\/\/noticiasveracruz.com\/wp-content\/uploads\/2022\/08\/P-INCENDIO-TUXPAN1-1024x573.png\" alt=\"\" width=\"800\" height=\"448\" srcset=\"https:\/\/noticiasveracruz.com\/wp-content\/uploads\/2022\/08\/P-INCENDIO-TUXPAN1-1024x573.png 1024w, https:\/\/noticiasveracruz.com\/wp-content\/uploads\/2022\/08\/P-INCENDIO-TUXPAN1-300x168.png 300w, https:\/\/noticiasveracruz.com\/wp-content\/uploads\/2022\/08\/P-INCENDIO-TUXPAN1-768x430.png 768w, https:\/\/noticiasveracruz.com\/wp-content\/uploads\/2022\/08\/P-INCENDIO-TUXPAN1-1536x859.png 1536w, https:\/\/noticiasveracruz.com\/wp-content\/uploads\/2022\/08\/P-INCENDIO-TUXPAN1-600x336.png 600w, https:\/\/noticiasveracruz.com\/wp-content\/uploads\/2022\/08\/P-INCENDIO-TUXPAN1.png 1816w\" sizes=\"auto, (max-width: 800px) 100vw, 800px\" \/><\/p>\n<p>&nbsp;<\/p>\n<p class=\"p1\"><span style=\"font-size: 18pt;\"><strong>El incendio se inici\u00f3 a las 19:00 horas, en una extensa \u00e1rea de juncos y pastos donde cada a\u00f1o ocurren quemas por ignici\u00f3n generada por el efecto lupa de los vidrios.<\/strong><\/span><\/p>\n<p class=\"p1\"><span style=\"font-size: 18pt;\"><strong>Las llamas se extendieron debido a los fuertes vientos que se registraron en la tarde. <\/strong><\/span><\/p>\n<p class=\"p1\"><span style=\"font-size: 14pt;\">Hasta el momento no se reportan da\u00f1os a ning\u00fan tipo de infraestructura.<\/span><\/p>\n","protected":false},"excerpt":{"rendered":"<p>&nbsp; TUXPAN, VER. Protecci\u00f3n Civil y Bomberos atienden un incendio de pastizal que se registra en las inmediaciones de la<\/p>\n","protected":false},"author":4,"featured_media":7298,"comment_status":"closed","ping_status":"closed","sticky":false,"template":"","format":"standard","meta":{"colormag_page_container_layout":"default_layout","colormag_page_sidebar_layout":"default_layout","_jetpack_memberships_contains_paid_content":false,"footnotes":"","jetpack_publicize_message":"","jetpack_publicize_feature_enabled":true,"jetpack_social_post_already_shared":false,"jetpack_social_options":{"image_generator_settings":{"template":"highway","default_image_id":0,"font":"","enabled":false},"version":2}},"categories":[356],"tags":[199,72],"class_list":["post-7296","post","type-post","status-publish","format-standard","has-post-thumbnail","hentry","category-veracruz","tag-incendio","tag-tuxpan"],"jetpack_publicize_connections":[],"jetpack_featured_media_url":"https:\/\/noticiasveracruz.com\/wp-content\/uploads\/2022\/08\/P-INCENDIO-TUXPAN2.png","jetpack_sharing_enabled":true,"publishpress_future_action":{"enabled":false,"date":"2026-05-07 01:30:15","action":"change-status","newStatus":"draft","terms":[],"taxonomy":"category","extraData":[]},"publishpress_future_workflow_manual_trigger":{"enabledWorkflows":[]},"_links":{"self":[{"href":"https:\/\/noticiasveracruz.com\/index.php\/wp-json\/wp\/v2\/posts\/7296","targetHints":{"allow":["GET"]}}],"collection":[{"href":"https:\/\/noticiasveracruz.com\/index.php\/wp-json\/wp\/v2\/posts"}],"about":[{"href":"https:\/\/noticiasveracruz.com\/index.php\/wp-json\/wp\/v2\/types\/post"}],"author":[{"embeddable":true,"href":"https:\/\/noticiasveracruz.com\/index.php\/wp-json\/wp\/v2\/users\/4"}],"replies":[{"embeddable":true,"href":"https:\/\/noticiasveracruz.com\/index.php\/wp-json\/wp\/v2\/comments?post=7296"}],"version-history":[{"count":0,"href":"https:\/\/noticiasveracruz.com\/index.php\/wp-json\/wp\/v2\/posts\/7296\/revisions"}],"wp:featuredmedia":[{"embeddable":true,"href":"https:\/\/noticiasveracruz.com\/index.php\/wp-json\/wp\/v2\/media\/7298"}],"wp:attachment":[{"href":"https:\/\/noticiasveracruz.com\/index.php\/wp-json\/wp\/v2\/media?parent=7296"}],"wp:term":[{"taxonomy":"category","embeddable":true,"href":"https:\/\/noticiasveracruz.com\/index.php\/wp-json\/wp\/v2\/categories?post=7296"},{"taxonomy":"post_tag","embeddable":true,"href":"https:\/\/noticiasveracruz.com\/index.php\/wp-json\/wp\/v2\/tags?post=7296"}],"curies":[{"name":"wp","href":"https:\/\/api.w.org\/{rel}","templated":true}]}}