{"id":72789,"date":"2026-01-27T22:37:01","date_gmt":"2026-01-28T04:37:01","guid":{"rendered":"https:\/\/noticiasveracruz.com\/?p=72789"},"modified":"2026-01-28T22:38:07","modified_gmt":"2026-01-29T04:38:07","slug":"transporte-publico-en-xalapa-entre-la-realidad-economica-y-la-urgencia-de-modernizar","status":"publish","type":"post","link":"https:\/\/noticiasveracruz.com\/index.php\/2026\/01\/27\/transporte-publico-en-xalapa-entre-la-realidad-economica-y-la-urgencia-de-modernizar\/","title":{"rendered":"Transporte p\u00fablico en Xalapa: entre la realidad econ\u00f3mica y la urgencia de modernizar"},"content":{"rendered":"<p style=\"font-weight: 400;\"><em>\u201cLa raz\u00f3n no es otra cosa que el an\u00e1lisis de lo que se cree\u201d. \u2013 Franz Schubert.<\/em><\/p>\n<p style=\"font-weight: 400;\"><strong>La decisi\u00f3n de autorizar el incremento a la tarifa del transporte p\u00fablico en Xalapa, que pasa de 9 a 12 pesos, ha generado una reacci\u00f3n inmediata en la opini\u00f3n p\u00fablica. No es para menos: cualquier ajuste al costo del pasaje impacta de forma directa en la econom\u00eda cotidiana de miles de usuarios. Sin embargo, una lectura estrictamente social, desprovista de an\u00e1lisis econ\u00f3mico y estructural, corre el riesgo de simplificar un problema que es mucho m\u00e1s profundo.<\/strong><\/p>\n<p style=\"font-weight: 400;\"><strong>Durante m\u00e1s de cinco a\u00f1os, las tarifas del transporte p\u00fablico en la capital veracruzana permanecieron pr\u00e1cticamente congeladas, mientras los costos de operaci\u00f3n siguieron una trayectoria ascendente. Combustibles, refacciones, llantas, seguros, mantenimiento y, m\u00e1s recientemente, el incremento sostenido al salario m\u00ednimo y la inflaci\u00f3n generalizada, colocaron a los concesionarios en una situaci\u00f3n financieramente insostenible. El ajuste autorizado busca, en ese sentido, permitir que el sector intente equiparar sus ingresos a los precios reales de los insumos que hoy enfrenta.<\/strong><\/p>\n<p style=\"font-weight: 400;\"><strong>La medida asumida por la gobernadora Roc\u00edo Nahle Garc\u00eda no puede entenderse como un acto aislado ni improvisado. Obedece a una l\u00f3gica de actualizaci\u00f3n tarifaria largamente postergada y al reconocimiento de una realidad econ\u00f3mica que ya no admite simulaciones. Sostener tarifas artificialmente bajas, sin acompa\u00f1arlas de subsidios o apoyos estructurales, s\u00f3lo condujo al deterioro progresivo del servicio y del parque vehicular que circula en Xalapa.<\/strong><\/p>\n<p style=\"font-weight: 400;\"><strong>Y es precisamente ah\u00ed donde se encuentra el otro eje del debate: la modernizaci\u00f3n del transporte p\u00fablico. El anuncio del proyecto de reordenamiento y renovaci\u00f3n del sistema, que contempla la incorporaci\u00f3n de unidades modernas importadas desde China, se perfila como una posible soluci\u00f3n de fondo. Unidades m\u00e1s eficientes, menos contaminantes y con mejores condiciones de seguridad y confort podr\u00edan transformar la experiencia del usuario y justificar, en t\u00e9rminos de servicio, el ajuste tarifario.<\/strong><\/p>\n<p style=\"font-weight: 400;\"><strong>No obstante, Xalapa no es cualquier ciudad. Su trazo urbano irregular, las pendientes pronunciadas, calles angostas y colonias de dif\u00edcil acceso obligan a pensar tambi\u00e9n en alternativas espec\u00edficas. No todas las unidades estandarizadas responden adecuadamente a las condiciones geogr\u00e1ficas de la capital, por lo que ser\u00e1 indispensable evaluar modelos con caracter\u00edsticas t\u00e9cnicas especiales que garanticen eficiencia y durabilidad en este entorno.<\/strong><\/p>\n<p style=\"font-weight: 400;\"><strong>Reconocer la necesidad de actualizar el costo del pasaje no implica desestimar el impacto social de la medida. Significa, m\u00e1s bien, asumir que sin ajustes responsables y sin una visi\u00f3n integral, el transporte p\u00fablico est\u00e1 condenado a la obsolescencia. El reto para el gobierno estatal ser\u00e1 doble: vigilar que el incremento se traduzca en mejoras reales y acelerar un proceso de modernizaci\u00f3n que ya no admite m\u00e1s aplazamientos.<\/strong><\/p>\n<p style=\"font-weight: 400;\"><strong>En Xalapa, el aumento al pasaje no es el problema de fondo; es apenas el s\u00edntoma de una deuda hist\u00f3rica con un sistema de transporte que requiere orden, inversi\u00f3n y visi\u00f3n de futuro.<\/strong><\/p>\n<p style=\"font-weight: 400;\"><strong>\u00a0<\/strong><\/p>\n<p style=\"font-weight: 400;\"><strong>Al tiempo.<\/strong><\/p>\n<p><img loading=\"lazy\" decoding=\"async\" class=\"alignnone wp-image-72716 size-full\" src=\"http:\/\/noticiasveracruz.com\/wp-content\/uploads\/2026\/01\/FIRMA-EDITORIAL-PD-7.jpg\" alt=\"\" width=\"1024\" height=\"125\" srcset=\"https:\/\/noticiasveracruz.com\/wp-content\/uploads\/2026\/01\/FIRMA-EDITORIAL-PD-7.jpg 1024w, https:\/\/noticiasveracruz.com\/wp-content\/uploads\/2026\/01\/FIRMA-EDITORIAL-PD-7-300x37.jpg 300w, https:\/\/noticiasveracruz.com\/wp-content\/uploads\/2026\/01\/FIRMA-EDITORIAL-PD-7-768x94.jpg 768w\" sizes=\"auto, (max-width: 1024px) 100vw, 1024px\" \/><\/p>\n","protected":false},"excerpt":{"rendered":"<p>\u201cLa raz\u00f3n no es otra cosa que el an\u00e1lisis de lo que se cree\u201d. \u2013 Franz Schubert. La decisi\u00f3n de<\/p>\n","protected":false},"author":4,"featured_media":71786,"comment_status":"closed","ping_status":"closed","sticky":false,"template":"","format":"standard","meta":{"colormag_page_container_layout":"default_layout","colormag_page_sidebar_layout":"default_layout","_jetpack_memberships_contains_paid_content":false,"footnotes":"","jetpack_publicize_message":"","jetpack_publicize_feature_enabled":true,"jetpack_social_post_already_shared":true,"jetpack_social_options":{"image_generator_settings":{"template":"highway","default_image_id":0,"font":"","enabled":false},"version":2}},"categories":[6],"tags":[],"class_list":["post-72789","post","type-post","status-publish","format-standard","has-post-thumbnail","hentry","category-columnistas"],"jetpack_publicize_connections":[],"jetpack_featured_media_url":"https:\/\/noticiasveracruz.com\/wp-content\/uploads\/2026\/01\/BANNERBAQUEIRO-NV.jpg","jetpack_sharing_enabled":true,"publishpress_future_action":{"enabled":false,"date":"2026-05-07 00:23:45","action":"change-status","newStatus":"draft","terms":[],"taxonomy":"category","extraData":[]},"publishpress_future_workflow_manual_trigger":{"enabledWorkflows":[]},"_links":{"self":[{"href":"https:\/\/noticiasveracruz.com\/index.php\/wp-json\/wp\/v2\/posts\/72789","targetHints":{"allow":["GET"]}}],"collection":[{"href":"https:\/\/noticiasveracruz.com\/index.php\/wp-json\/wp\/v2\/posts"}],"about":[{"href":"https:\/\/noticiasveracruz.com\/index.php\/wp-json\/wp\/v2\/types\/post"}],"author":[{"embeddable":true,"href":"https:\/\/noticiasveracruz.com\/index.php\/wp-json\/wp\/v2\/users\/4"}],"replies":[{"embeddable":true,"href":"https:\/\/noticiasveracruz.com\/index.php\/wp-json\/wp\/v2\/comments?post=72789"}],"version-history":[{"count":0,"href":"https:\/\/noticiasveracruz.com\/index.php\/wp-json\/wp\/v2\/posts\/72789\/revisions"}],"wp:featuredmedia":[{"embeddable":true,"href":"https:\/\/noticiasveracruz.com\/index.php\/wp-json\/wp\/v2\/media\/71786"}],"wp:attachment":[{"href":"https:\/\/noticiasveracruz.com\/index.php\/wp-json\/wp\/v2\/media?parent=72789"}],"wp:term":[{"taxonomy":"category","embeddable":true,"href":"https:\/\/noticiasveracruz.com\/index.php\/wp-json\/wp\/v2\/categories?post=72789"},{"taxonomy":"post_tag","embeddable":true,"href":"https:\/\/noticiasveracruz.com\/index.php\/wp-json\/wp\/v2\/tags?post=72789"}],"curies":[{"name":"wp","href":"https:\/\/api.w.org\/{rel}","templated":true}]}}