{"id":72784,"date":"2026-01-27T22:32:43","date_gmt":"2026-01-28T04:32:43","guid":{"rendered":"https:\/\/noticiasveracruz.com\/?p=72784"},"modified":"2026-01-28T22:33:41","modified_gmt":"2026-01-29T04:33:41","slug":"noche-de-violonchelo-y-estrenos-en-xalapa-osx","status":"publish","type":"post","link":"https:\/\/noticiasveracruz.com\/index.php\/2026\/01\/27\/noche-de-violonchelo-y-estrenos-en-xalapa-osx\/","title":{"rendered":"Noche de violonchelo y estrenos en Xalapa OSX"},"content":{"rendered":"<ul>\n<li>Inna Nassidze, solista en <em>Schelomo para violonchelo y orquesta<\/em><\/li>\n<li>Estreno en Xalapa: <em>Tasso, lamento e trionfo<\/em> de Liszt\n<p>Xalapa, Ver. 27 de enero de 2025. La Orquesta Sinf\u00f3nica de Xalapa presentar\u00e1 este viernes en Tlaqn\u00e1 Centro Cultural, una velada con el violonchelo como instrumento protagonista. Presentando <em>Schelomo: Rapsodia Hebraica para violonchelo y orquesta <\/em>de Ernest Bloch; y complementando con <em>In the South<\/em> <em>(Alassio) <\/em>de Edward Elgar, y el estreno en Xalapa de: <em>Tasso, lamento e trionfo<\/em> de Franz Liszt. Con la violonchelista OSX, Inna Nassidze, como solista del evento; y en la batuta: Martin Lebel, director titular.<br \/>\nEste concierto se realizar\u00e1 el viernes 30 de enero de 2025 a las 20:00 h.<\/li>\n<\/ul>\n<p>\u00abTasso, Lamento e Trionfo\u00bb S.96, es el segundo de una serie de trece poemas sinf\u00f3nicos compuestos por el compositor y pianista h\u00fangaro Franz Liszt. La obra est\u00e1 basada en la vida de \u00abTorquato Tasso\u00bb, un poeta Italiano que vivi\u00f3 en la segunda mitad del siglo XVI, a trav\u00e9s de los poemas escritos en su honor por parte de Goethe y de Lord Byron.<\/p>\n<p>&nbsp;<\/p>\n<p>Schelomo es el nombre hebreo del rey Salom\u00f3n. La voz de Schelomo es el violonchelo de la partitura de Bloch. Encarna la gloria, la grandeza y la sensualidad humana del gran Rey; tambi\u00e9n expresa la desesperaci\u00f3n l\u00edrica: \u00abVanidad de vanidades&#8230; todo es vanidad.\u00bb En su m\u00fasica Bloch une su herencia antigua y su conciencia viva. Las inflexiones jud\u00edas de la m\u00fasica son inmediatamente perceptibles, pero provienen del interior de Bloch, no de fuentes etnomusicol\u00f3gicas. Interpretado por Inna Nassidze, violonchelista OSX.<\/p>\n<p>&nbsp;<\/p>\n<p>Durante los primeros a\u00f1os del siglo XX, Edward Elgar ya se hab\u00eda colocado entre los compositores m\u00e1s c\u00e9lebres de Inglaterra, Precisamente, en marzo de 1904, el Covent Garden fue el lugar escogido para llevar a cabo un festival en el que la m\u00fasica de Elgar fue protagonista en exclusiva. Fue en la \u00faltima jornada del evento que se produjo el estreno de In the South (Alassio) bajo la direcci\u00f3n del propio Elgar.<\/p>\n<p>Inna Nassidze, solista OSX, es reconocida como una de las violonchelistas m\u00e1s brillantes y aclamadas de su generaci\u00f3n. Hizo su debut como solista a la edad de 10 a\u00f1os en su ciudad natal Tbilisi Georgia, con la Orquesta de C\u00e1mara Estatal Georgiana. En 1988 obtuvo el m\u00e1ximo premio en el Concurso Juvenil de Cello de la URSS. En 1993 recibi\u00f3 el premio Gabor Rejto en el Music Academy of the West en Santa B\u00e1rbara California, donde toc\u00f3 el Concierto de Cello de Dvorak como ganadora del Concurso. En el verano de 1996 recibi\u00f3 el premio al mejor cellista en el Festival de Verbier, en Suiza.<\/p>\n<p>Actualmente participa en numerosos proyectos de m\u00fasica de c\u00e1mara as\u00ed como es invitada a impartir cursos y clases magistrales tanto en Mexico como en EUA.<\/p>\n<p>Inna es principal asistente en la Orquesta Sinf\u00f3nica de Xalapa.<\/p>\n<p>&nbsp;<\/p>\n<p>Puedes comprar tus boletos en l\u00ednea en www.orquestasinfonicadexalapa.com, Tienda UV, Tienda UV Museo de Antropolog\u00eda y Taquilla Tlaqn\u00e1.<\/p>\n<p>Correo electr\u00f3nico: <a href=\"mailto:mercadotecnia.osx@gmail.com\">mercadotecnia.osx@gmail.com<\/a>.<\/p>\n","protected":false},"excerpt":{"rendered":"<p>Inna Nassidze, solista en Schelomo para violonchelo y orquesta Estreno en Xalapa: Tasso, lamento e trionfo de Liszt Xalapa, Ver.<\/p>\n","protected":false},"author":4,"featured_media":72785,"comment_status":"closed","ping_status":"closed","sticky":false,"template":"","format":"standard","meta":{"colormag_page_container_layout":"default_layout","colormag_page_sidebar_layout":"default_layout","_jetpack_memberships_contains_paid_content":false,"footnotes":"","jetpack_publicize_message":"","jetpack_publicize_feature_enabled":true,"jetpack_social_post_already_shared":true,"jetpack_social_options":{"image_generator_settings":{"template":"highway","default_image_id":0,"font":"","enabled":false},"version":2}},"categories":[358,356],"tags":[],"class_list":["post-72784","post","type-post","status-publish","format-standard","has-post-thumbnail","hentry","category-cultura","category-veracruz"],"jetpack_publicize_connections":[],"jetpack_featured_media_url":"https:\/\/noticiasveracruz.com\/wp-content\/uploads\/2026\/01\/Inna-nassidze.jpg","jetpack_sharing_enabled":true,"publishpress_future_action":{"enabled":false,"date":"2026-05-07 01:07:05","action":"change-status","newStatus":"draft","terms":[],"taxonomy":"category","extraData":[]},"publishpress_future_workflow_manual_trigger":{"enabledWorkflows":[]},"_links":{"self":[{"href":"https:\/\/noticiasveracruz.com\/index.php\/wp-json\/wp\/v2\/posts\/72784","targetHints":{"allow":["GET"]}}],"collection":[{"href":"https:\/\/noticiasveracruz.com\/index.php\/wp-json\/wp\/v2\/posts"}],"about":[{"href":"https:\/\/noticiasveracruz.com\/index.php\/wp-json\/wp\/v2\/types\/post"}],"author":[{"embeddable":true,"href":"https:\/\/noticiasveracruz.com\/index.php\/wp-json\/wp\/v2\/users\/4"}],"replies":[{"embeddable":true,"href":"https:\/\/noticiasveracruz.com\/index.php\/wp-json\/wp\/v2\/comments?post=72784"}],"version-history":[{"count":0,"href":"https:\/\/noticiasveracruz.com\/index.php\/wp-json\/wp\/v2\/posts\/72784\/revisions"}],"wp:featuredmedia":[{"embeddable":true,"href":"https:\/\/noticiasveracruz.com\/index.php\/wp-json\/wp\/v2\/media\/72785"}],"wp:attachment":[{"href":"https:\/\/noticiasveracruz.com\/index.php\/wp-json\/wp\/v2\/media?parent=72784"}],"wp:term":[{"taxonomy":"category","embeddable":true,"href":"https:\/\/noticiasveracruz.com\/index.php\/wp-json\/wp\/v2\/categories?post=72784"},{"taxonomy":"post_tag","embeddable":true,"href":"https:\/\/noticiasveracruz.com\/index.php\/wp-json\/wp\/v2\/tags?post=72784"}],"curies":[{"name":"wp","href":"https:\/\/api.w.org\/{rel}","templated":true}]}}