{"id":72742,"date":"2026-01-29T00:07:53","date_gmt":"2026-01-29T06:07:53","guid":{"rendered":"https:\/\/noticiasveracruz.com\/?p=72742"},"modified":"2026-01-28T21:59:44","modified_gmt":"2026-01-29T03:59:44","slug":"tepjf-rechaza-cambios-en-conteo-de-afiliados-de-nuevos-partidos","status":"publish","type":"post","link":"https:\/\/noticiasveracruz.com\/index.php\/2026\/01\/29\/tepjf-rechaza-cambios-en-conteo-de-afiliados-de-nuevos-partidos\/","title":{"rendered":"TEPJF rechaza cambios en conteo de afiliados de nuevos partidos"},"content":{"rendered":"<p class=\"nota-justify\">En la recta final para el cumplimiento de requisitos de las asociaciones que buscan convertirse en partidos pol\u00edticos, los magistrados del Tribunal Electoral del Poder Judicial de la Federaci\u00f3n (TEPJF) rechazaron la propuesta de su colega Reyes Rodr\u00edguez relativa a modificar algunos criterios para contar a los afiliados de cada organizaci\u00f3n.<\/p>\n<p class=\"nota-justify\">El tema toma relevancia porque alcanzar la meta de asambleas y afiliados (200 en el caso de las reuniones distritales, y un padr\u00f3n de al menos 256 mil 30 simpatizantes) se ha convertido en una rebati\u00f1a entre los punteros.<\/p>\n<p class=\"nota-justify\">La propuesta de Rodr\u00edguez era modificar el acuerdo del Instituto Nacional Electoral (INE) cuyo instructivo para este teman fue impugnado por la asociaci\u00f3n Construyendo Sociedades de Paz (CSP), grupo alentado por integrantes de iglesias cristianas, que hasta ayer hab\u00eda cumplido de manera preliminar el requisito de las asambleas pero le faltan todav\u00eda simpatizantes inscritos.<\/p>\n<p class=\"nota-justify\">Otra organizaci\u00f3n (M\u00e9xico tiene vida) tiene una situaci\u00f3n a la inversa: ya tiene los afiliados pero le faltan 18 asambleas, mientras que Personas Sumando (identificada con ex funcionarios del INE) tambi\u00e9n tiene el requisito de las asambleas, y est\u00e1 en busca de miembros.<\/p>\n<p class=\"nota-justify\">Rodr\u00edguez propon\u00eda que se tomen en cuenta todas las afiliaciones, aun cuando la asociaci\u00f3n haya cambiado la modalidad; es decir, si opt\u00f3 al inicio del proceso por asambleas estatales y despu\u00e9s cambi\u00f3 a distritales; igualmente definir el destino de los afiliados en otros casos.<\/p>\n<p class=\"nota-justify\">El criterio del INE, vigente hasta ahora, es tomar en cuenta solo la afiliaci\u00f3n \u00faltima (la m\u00e1s reciente). No son pocos los casos en los que una misma persona particip\u00f3 en favor de una asociaci\u00f3n pero luego aparece en el listado de otra.<\/p>\n<p class=\"nota-justify\">A ello se agrega que puede haber tres maneras de inscribirse: presencial, en una asamblea, a distancia (v\u00eda aplicaci\u00f3n electr\u00f3nica) o en papel, como m\u00e9todo tradicional en casos excepcionales.<\/p>\n<p class=\"nota-justify\">Los magistrados Felipe de la Mata, M\u00f3nica Soto, Claudia Valle y Gilberto B\u00e1tiz (presidente) votaron en contra del proyecto de Rodr\u00edguez y dijeron que el caso deb\u00eda ser asignado de manera aleatoria a otra ponencia, a fin de analizar el tema desde otra perspectiva.<\/p>\n<p class=\"nota-justify\">Antes, tambi\u00e9n en la sesi\u00f3n, la Sala Superior del TEPJF modific\u00f3 un acuerdo del INE a fin de que las aportaciones a estos grupos que buscan registro partidista pueden ser de personas f\u00edsicas \u201csiempre y cuando los recursos provengan exclusivamente de actividades profesionales\u201d, no empresariales.<\/p>\n<p class=\"nota-justify\">A propuesta de Batiz quedaron establecidos los requisitos para las aportaciones en dinero o en especie, en los t\u00e9rminos mencionados, y desde una cuenta bancaria en la que se identifique claramente que los ingresos tienen ese origen (actividades profesionales), de ah\u00ed que se proh\u00edbe ahora expresamente el uso de dinero relacionado con actividades rmpresariales.<\/p>\n<p class=\"nota-justify\">En otro asunto, el TEPJF orden\u00f3 al INE responder antes del inicio de la pr\u00f3xima elecci\u00f3n federal (cuyo proceso empieza en septiembre pr\u00f3ximo) si es viable agregar a la credencial de elector datos de autoadscripci\u00f3n de personas ind\u00edgenas o afromexicanas.<\/p>\n","protected":false},"excerpt":{"rendered":"<p>En la recta final para el cumplimiento de requisitos de las asociaciones que buscan convertirse en partidos pol\u00edticos, los magistrados<\/p>\n","protected":false},"author":4,"featured_media":72743,"comment_status":"closed","ping_status":"closed","sticky":false,"template":"","format":"standard","meta":{"colormag_page_container_layout":"default_layout","colormag_page_sidebar_layout":"default_layout","_jetpack_memberships_contains_paid_content":false,"footnotes":"","jetpack_publicize_message":"","jetpack_publicize_feature_enabled":true,"jetpack_social_post_already_shared":true,"jetpack_social_options":{"image_generator_settings":{"template":"highway","default_image_id":0,"font":"","enabled":false},"version":2}},"categories":[4],"tags":[],"class_list":["post-72742","post","type-post","status-publish","format-standard","has-post-thumbnail","hentry","category-nacional"],"jetpack_publicize_connections":[],"jetpack_featured_media_url":"https:\/\/noticiasveracruz.com\/wp-content\/uploads\/2026\/01\/TEP.jpg","jetpack_sharing_enabled":true,"publishpress_future_action":{"enabled":false,"date":"2026-05-07 04:50:53","action":"change-status","newStatus":"draft","terms":[],"taxonomy":"category","extraData":[]},"publishpress_future_workflow_manual_trigger":{"enabledWorkflows":[]},"_links":{"self":[{"href":"https:\/\/noticiasveracruz.com\/index.php\/wp-json\/wp\/v2\/posts\/72742","targetHints":{"allow":["GET"]}}],"collection":[{"href":"https:\/\/noticiasveracruz.com\/index.php\/wp-json\/wp\/v2\/posts"}],"about":[{"href":"https:\/\/noticiasveracruz.com\/index.php\/wp-json\/wp\/v2\/types\/post"}],"author":[{"embeddable":true,"href":"https:\/\/noticiasveracruz.com\/index.php\/wp-json\/wp\/v2\/users\/4"}],"replies":[{"embeddable":true,"href":"https:\/\/noticiasveracruz.com\/index.php\/wp-json\/wp\/v2\/comments?post=72742"}],"version-history":[{"count":0,"href":"https:\/\/noticiasveracruz.com\/index.php\/wp-json\/wp\/v2\/posts\/72742\/revisions"}],"wp:featuredmedia":[{"embeddable":true,"href":"https:\/\/noticiasveracruz.com\/index.php\/wp-json\/wp\/v2\/media\/72743"}],"wp:attachment":[{"href":"https:\/\/noticiasveracruz.com\/index.php\/wp-json\/wp\/v2\/media?parent=72742"}],"wp:term":[{"taxonomy":"category","embeddable":true,"href":"https:\/\/noticiasveracruz.com\/index.php\/wp-json\/wp\/v2\/categories?post=72742"},{"taxonomy":"post_tag","embeddable":true,"href":"https:\/\/noticiasveracruz.com\/index.php\/wp-json\/wp\/v2\/tags?post=72742"}],"curies":[{"name":"wp","href":"https:\/\/api.w.org\/{rel}","templated":true}]}}