{"id":72739,"date":"2026-01-29T00:06:44","date_gmt":"2026-01-29T06:06:44","guid":{"rendered":"https:\/\/noticiasveracruz.com\/?p=72739"},"modified":"2026-01-28T21:57:29","modified_gmt":"2026-01-29T03:57:29","slug":"alicia-barcena-se-reune-con-gobernadora-de-quintana-roo-para-atender-arribo-de-sargazo","status":"publish","type":"post","link":"https:\/\/noticiasveracruz.com\/index.php\/2026\/01\/29\/alicia-barcena-se-reune-con-gobernadora-de-quintana-roo-para-atender-arribo-de-sargazo\/","title":{"rendered":"Alicia B\u00e1rcena se re\u00fane con gobernadora de Quintana Roo para atender arribo de sargazo"},"content":{"rendered":"<p class=\"nota-justify\">La titular de la Secretar\u00eda de Medio Ambiente y Recursos Naturales (Semarnat), Alicia B\u00e1rcena, sostuvo una reuni\u00f3n de trabajo con la gobernadora de Quintana Roo, Mara Lezama, y el secretario de Ecolog\u00eda y Medio Ambiente de ese estado, Oscar R\u00e9bora, en la que dialogaron temas prioritarios como la atenci\u00f3n integral al sargazo, mediante una estrategia coordinada.<\/p>\n<p class=\"nota-justify\">Igualmente, respecto a acciones para la recuperaci\u00f3n y protecci\u00f3n de playas, as\u00ed como la coordinaci\u00f3n entre federaci\u00f3n y estado en materia de impacto ambiental, \u201ccon un enfoque preventivo y de sustentabilidad\u201d.<\/p>\n<p class=\"nota-justify\">La dependencia federal inform\u00f3 lo anterior en redes sociales, y destac\u00f3 que tambi\u00e9n se intercambi\u00f3 informaci\u00f3n sobre las iniciativas de econom\u00eda circular, \u201corientadas al aprovechamiento responsable de los recursos, con base en datos cient\u00edficos, monitoreo ambiental y evaluaciones rigurosas\u201d.<\/p>\n<p class=\"nota-justify\">A su vez, por la misma v\u00eda, la gobernadora Lezama, quien para la reuni\u00f3n viaj\u00f3 a la Ciudad de M\u00e9xico, resalt\u00f3 que se revisaron \u201ctemas clave para el cuidado de nuestro entorno y el bienestar de las familias quintanarroenses\u201d.<\/p>\n<p class=\"nota-justify\">Sobre el problema del sargazo, expuso que es \u201cun reto que enfrentamos de manera coordinada para proteger nuestras playas, nuestros empleos y la econom\u00eda del estado\u201d.<\/p>\n<p class=\"nota-justify\">El pasado 21 de enero, la Secretar\u00eda de Marina-Armada de M\u00e9xico inform\u00f3 que en lo que iba a de enero, en coordinaci\u00f3n con autoridades de Quintana Roo, hab\u00edan recolectado aproximadamente 178 toneladas del alga en los municipios de Isla Mujeres, Benito Ju\u00e1rez, Puerto Morelos, Cozumel, Solidaridad, Tulum y en las playas de Mahahual y Xcalak, del municipio de Oth\u00f3n P. Blanco.<\/p>\n","protected":false},"excerpt":{"rendered":"<p>La titular de la Secretar\u00eda de Medio Ambiente y Recursos Naturales (Semarnat), Alicia B\u00e1rcena, sostuvo una reuni\u00f3n de trabajo con<\/p>\n","protected":false},"author":4,"featured_media":72740,"comment_status":"closed","ping_status":"closed","sticky":false,"template":"","format":"standard","meta":{"colormag_page_container_layout":"default_layout","colormag_page_sidebar_layout":"default_layout","_jetpack_memberships_contains_paid_content":false,"footnotes":"","jetpack_publicize_message":"","jetpack_publicize_feature_enabled":true,"jetpack_social_post_already_shared":true,"jetpack_social_options":{"image_generator_settings":{"template":"highway","default_image_id":0,"font":"","enabled":false},"version":2}},"categories":[4],"tags":[],"class_list":["post-72739","post","type-post","status-publish","format-standard","has-post-thumbnail","hentry","category-nacional"],"jetpack_publicize_connections":[],"jetpack_featured_media_url":"https:\/\/noticiasveracruz.com\/wp-content\/uploads\/2026\/01\/SARG.jpg","jetpack_sharing_enabled":true,"publishpress_future_action":{"enabled":false,"date":"2026-05-07 04:04:03","action":"change-status","newStatus":"draft","terms":[],"taxonomy":"category","extraData":[]},"publishpress_future_workflow_manual_trigger":{"enabledWorkflows":[]},"_links":{"self":[{"href":"https:\/\/noticiasveracruz.com\/index.php\/wp-json\/wp\/v2\/posts\/72739","targetHints":{"allow":["GET"]}}],"collection":[{"href":"https:\/\/noticiasveracruz.com\/index.php\/wp-json\/wp\/v2\/posts"}],"about":[{"href":"https:\/\/noticiasveracruz.com\/index.php\/wp-json\/wp\/v2\/types\/post"}],"author":[{"embeddable":true,"href":"https:\/\/noticiasveracruz.com\/index.php\/wp-json\/wp\/v2\/users\/4"}],"replies":[{"embeddable":true,"href":"https:\/\/noticiasveracruz.com\/index.php\/wp-json\/wp\/v2\/comments?post=72739"}],"version-history":[{"count":0,"href":"https:\/\/noticiasveracruz.com\/index.php\/wp-json\/wp\/v2\/posts\/72739\/revisions"}],"wp:featuredmedia":[{"embeddable":true,"href":"https:\/\/noticiasveracruz.com\/index.php\/wp-json\/wp\/v2\/media\/72740"}],"wp:attachment":[{"href":"https:\/\/noticiasveracruz.com\/index.php\/wp-json\/wp\/v2\/media?parent=72739"}],"wp:term":[{"taxonomy":"category","embeddable":true,"href":"https:\/\/noticiasveracruz.com\/index.php\/wp-json\/wp\/v2\/categories?post=72739"},{"taxonomy":"post_tag","embeddable":true,"href":"https:\/\/noticiasveracruz.com\/index.php\/wp-json\/wp\/v2\/tags?post=72739"}],"curies":[{"name":"wp","href":"https:\/\/api.w.org\/{rel}","templated":true}]}}